{"id":1449,"date":"2018-02-27T17:38:50","date_gmt":"2018-02-27T17:38:50","guid":{"rendered":"http:\/\/www.fbycc.org\/?p=1449"},"modified":"2019-03-12T19:18:39","modified_gmt":"2019-03-12T19:18:39","slug":"europa-impulsa-la-innovacion-y-el-recorte-de-emisiones","status":"publish","type":"post","link":"https:\/\/www.fbycc.org\/index.php\/2018\/02\/27\/europa-impulsa-la-innovacion-y-el-recorte-de-emisiones\/","title":{"rendered":"Europa impulsa la innovaci\u00f3n y el recorte de emisiones"},"content":{"rendered":"<p style=\"text-align: justify;\"><img loading=\"lazy\" decoding=\"async\" class=\"wp-image-1450 size-medium alignright\" src=\"http:\/\/www.fbycc.org\/wp-content\/uploads\/2018\/02\/fabrica-300x157.png\" alt=\"\" width=\"300\" height=\"157\" srcset=\"https:\/\/www.fbycc.org\/wp-content\/uploads\/2018\/02\/fabrica-300x157.png 300w, https:\/\/www.fbycc.org\/wp-content\/uploads\/2018\/02\/fabrica-768x402.png 768w, https:\/\/www.fbycc.org\/wp-content\/uploads\/2018\/02\/fabrica.png 800w\" sizes=\"auto, (max-width: 300px) 100vw, 300px\" \/>El Parlamento Europeo aprob\u00f3 el pasado 6 de febrero nuevas normas para acelerar el recorte de las emisiones industriales de CO2 y avanzar as\u00ed hacia los objetivos asumidos por la UE en el marco del acuerdo de Par\u00eds. La legislaci\u00f3n, ya acordada informalmente por el Parlamento y los Estados miembros, intensifica el ritmo de reducci\u00f3n de los derechos de emisi\u00f3n disponibles en el \u201cmercado del carb\u00f3n\u201d del sistema europeo de comercio de emisiones (ETS, por sus siglas en ingl\u00e9s). El mercado ETS cubre alrededor del 40% de las emisiones de gases de efecto invernadero de la UE.<\/p>\n<p style=\"text-align: justify;\">La ley establece, entre otros cambios:<\/p>\n<ul>\n<li style=\"text-align: justify;\">un incremento de la reducci\u00f3n anual de la cuota de derechos de emisi\u00f3n colocados en el mercado (el llamado \u201cfactor lineal de reducci\u00f3n\u201d), hasta el 2,2 % a partir de 2021, por encima del 1,74 % planeado hasta ahora. Adem\u00e1s, la cifra ser\u00e1 reevaluada, con intenci\u00f3n de volver a elevarla en para 2024.<\/li>\n<li style=\"text-align: justify;\">duplicar la capacidad de la reserva de estabilidad del mercado ETS para absorber el exceso de derechos de emisi\u00f3n en el mercado. Una vez activada, absorber\u00eda hasta un 24 % de los derechos de emisiones en exceso en cada ejercicio, durante los cuatro primeros a\u00f1os. As\u00ed, aumentar\u00e1 el precio de los derechos y se incentivar\u00e1 el recorte de las emisiones.<\/li>\n<\/ul>\n<p style=\"text-align: justify;\"><em><strong>Dos fondos para fomentar la innovaci\u00f3n y estimular la transici\u00f3n hacia una econom\u00eda menos contaminante<\/strong><\/em><\/p>\n<p style=\"text-align: justify;\">El texto prev\u00e9 la creaci\u00f3n de un fondo de modernizaci\u00f3n para ayudar a actualizar los sistemas energ\u00e9ticos en los pa\u00edses de la UE de menor renta. Los europarlamentarios han endurecido las normas de financiaci\u00f3n para evitar su uso para proyectos de carb\u00f3n, exceptuando la calefacci\u00f3n urbana en los pa\u00edses con menos recursos.<\/p>\n<p style=\"text-align: justify;\">Adem\u00e1s, se pondr\u00e1 en marcha un fondo de innovaci\u00f3n para apoyar las energ\u00edas renovables, la captura y el almacenamiento de carbono y los proyectos de innovaci\u00f3n de baja emisi\u00f3n de carbono.<\/p>\n<p style=\"text-align: justify;\"><em><strong>Protecci\u00f3n contra la \u201cfuga de carbono\u201d<\/strong><\/em><\/p>\n<p style=\"text-align: justify;\">La ley tambi\u00e9n busca evitar la denominada \u201cfuga de carbono\u201d, cuando las empresas trasladan su producci\u00f3n fuera de Europa debido a las exigencias en materia de reducci\u00f3n de las emisiones. Los sectores con mayor riesgo recibir\u00e1n sus derechos de emisiones de forma gratuita. Otros sectores menos afectados recibir\u00e1n gratis el 30%.<\/p>\n<p style=\"text-align: justify;\"><em><strong>Declaraci\u00f3n de la ponente<\/strong><\/em><\/p>\n<p style=\"text-align: justify;\">Julie Girling (ECR, Reino Unido), que lider\u00f3 la tramitaci\u00f3n del texto en el PE, dijo: \u201cel sistema ETS es la piedra angular de la pol\u00edtica comunitaria de lucha contra el cambio clim\u00e1tico. Hemos hecho lo posible por lograr un acuerdo ambicioso. El ETS tiene muchos detractores. Hemos resuelto muchos problemas, desde un precio demasiado bajo para el carbono al dif\u00edcil equilibrio entre los objetivos medioambientales y la protecci\u00f3n de la industria europea\u201d.<\/p>\n<p style=\"text-align: justify;\"><span style=\"font-size: 8pt;\">Fuente: Parlamento Europeo<\/span><\/p>\n","protected":false},"excerpt":{"rendered":"<p>El Parlamento Europeo aprob\u00f3 el pasado 6 de febrero nuevas normas para acelerar el recorte de las emisiones industriales de CO2 y avanzar as\u00ed hacia los objetivos asumidos por la UE en<a class=\"moretag\" href=\"https:\/\/www.fbycc.org\/index.php\/2018\/02\/27\/europa-impulsa-la-innovacion-y-el-recorte-de-emisiones\/\">Leer m\u00e1s&#8230;<\/a><\/p>\n","protected":false},"author":2,"featured_media":0,"comment_status":"closed","ping_status":"open","sticky":false,"template":"","format":"standard","meta":{"_monsterinsights_skip_tracking":false,"_monsterinsights_sitenote_active":false,"_monsterinsights_sitenote_note":"","_monsterinsights_sitenote_category":0,"footnotes":""},"categories":[11],"tags":[19,55,83],"class_list":["post-1449","post","type-post","status-publish","format-standard","hentry","category-noticias","tag-acuerdo-de-paris","tag-europa","tag-innovacion"],"_links":{"self":[{"href":"https:\/\/www.fbycc.org\/index.php\/wp-json\/wp\/v2\/posts\/1449","targetHints":{"allow":["GET"]}}],"collection":[{"href":"https:\/\/www.fbycc.org\/index.php\/wp-json\/wp\/v2\/posts"}],"about":[{"href":"https:\/\/www.fbycc.org\/index.php\/wp-json\/wp\/v2\/types\/post"}],"author":[{"embeddable":true,"href":"https:\/\/www.fbycc.org\/index.php\/wp-json\/wp\/v2\/users\/2"}],"replies":[{"embeddable":true,"href":"https:\/\/www.fbycc.org\/index.php\/wp-json\/wp\/v2\/comments?post=1449"}],"version-history":[{"count":4,"href":"https:\/\/www.fbycc.org\/index.php\/wp-json\/wp\/v2\/posts\/1449\/revisions"}],"predecessor-version":[{"id":1454,"href":"https:\/\/www.fbycc.org\/index.php\/wp-json\/wp\/v2\/posts\/1449\/revisions\/1454"}],"wp:attachment":[{"href":"https:\/\/www.fbycc.org\/index.php\/wp-json\/wp\/v2\/media?parent=1449"}],"wp:term":[{"taxonomy":"category","embeddable":true,"href":"https:\/\/www.fbycc.org\/index.php\/wp-json\/wp\/v2\/categories?post=1449"},{"taxonomy":"post_tag","embeddable":true,"href":"https:\/\/www.fbycc.org\/index.php\/wp-json\/wp\/v2\/tags?post=1449"}],"curies":[{"name":"wp","href":"https:\/\/api.w.org\/{rel}","templated":true}]}}