{"id":1437,"date":"2018-02-02T13:43:30","date_gmt":"2018-02-02T13:43:30","guid":{"rendered":"http:\/\/www.fbycc.org\/?p=1437"},"modified":"2019-03-12T19:18:39","modified_gmt":"2019-03-12T19:18:39","slug":"nota-de-prensa-de-jxb-sobre-el-plan-de-actuacion-forestal","status":"publish","type":"post","link":"https:\/\/www.fbycc.org\/index.php\/2018\/02\/02\/nota-de-prensa-de-jxb-sobre-el-plan-de-actuacion-forestal\/","title":{"rendered":"Nota de prensa de JxB sobre el Plan de Actuaci\u00f3n Forestal"},"content":{"rendered":"<p style=\"text-align: justify;\">Las entidades que conforman <a href=\"http:\/\/juntosporlosbosques.ingenierosdemontes.org\/\" target=\"_blank\" rel=\"noopener noreferrer\">Juntos por los Bosques<\/a> y que representan la pr\u00e1ctica totalidad del sector forestal organizado en nuestro pa\u00eds, han expresado su reconocimiento al Ministerio por la receptividad demostrada a la propuesta del sector, la oportunidad del Plan, su enfoque temporal y competencial focalizado en las competencias del Estado, as\u00ed como su estructura. Igualmente desde Juntos por los Bosques reconocen la receptividad a buena parte de las propuestas que trasladaron\u00a0al Ministerio durante el pasado a\u00f1o.<\/p>\n<p style=\"text-align: justify;\">No obstante, han expresado tambi\u00e9n su decepci\u00f3n por la ausencia de cualquier menci\u00f3n a dos de las principales propuestas de Juntos por los Bosques relacionadas con la fiscalidad y la financiaci\u00f3n.<\/p>\n<p style=\"text-align: justify;\">As\u00ed, defienden que los altos riesgos de incendios en el largo plazo y la generaci\u00f3n de los servicios ambientales que generan los bosques necesita un tratamiento propio que ajuste la carga fiscal a la realidad econ\u00f3mica de la actividad forestal, especialmente en un contexto de elevados impuestos directos (IRPF, Impuesto de Sucesiones y Donaciones, Impuesto de Sociedades, etc.).<\/p>\n<p style=\"text-align: justify;\">En este contexto, recuerda el estudio econ\u00f3mico realizado que demuestra el efecto neutro en t\u00e9rminos fiscales de las modificaciones propuestas. Del mismo modo, insiste en que la infrafinanciaci\u00f3n forestal es de naturaleza estructural y una de las causas claves del abandono de los bosques, antesala de los incendios.<\/p>\n<p><strong><a href=\"http:\/\/juntosporlosbosques.ingenierosdemontes.org\/wp-content\/uploads\/2018\/01\/120110_NotaPrensaPAF.pdf\">\u00a0 \u00a0 \u00a0&gt;&gt; Accede a la nota de prensa completa<\/a><\/strong><\/p>\n","protected":false},"excerpt":{"rendered":"<p>Las entidades que conforman Juntos por los Bosques y que representan la pr\u00e1ctica totalidad del sector forestal organizado en nuestro pa\u00eds, han expresado su reconocimiento al Ministerio por la receptividad demostrada a<a class=\"moretag\" href=\"https:\/\/www.fbycc.org\/index.php\/2018\/02\/02\/nota-de-prensa-de-jxb-sobre-el-plan-de-actuacion-forestal\/\">Leer m\u00e1s&#8230;<\/a><\/p>\n","protected":false},"author":2,"featured_media":0,"comment_status":"closed","ping_status":"open","sticky":false,"template":"","format":"standard","meta":{"_monsterinsights_skip_tracking":false,"_monsterinsights_sitenote_active":false,"_monsterinsights_sitenote_note":"","_monsterinsights_sitenote_category":0,"footnotes":""},"categories":[11],"tags":[79],"class_list":["post-1437","post","type-post","status-publish","format-standard","hentry","category-noticias","tag-plan-de-actuacion-del-sector-forestal"],"_links":{"self":[{"href":"https:\/\/www.fbycc.org\/index.php\/wp-json\/wp\/v2\/posts\/1437","targetHints":{"allow":["GET"]}}],"collection":[{"href":"https:\/\/www.fbycc.org\/index.php\/wp-json\/wp\/v2\/posts"}],"about":[{"href":"https:\/\/www.fbycc.org\/index.php\/wp-json\/wp\/v2\/types\/post"}],"author":[{"embeddable":true,"href":"https:\/\/www.fbycc.org\/index.php\/wp-json\/wp\/v2\/users\/2"}],"replies":[{"embeddable":true,"href":"https:\/\/www.fbycc.org\/index.php\/wp-json\/wp\/v2\/comments?post=1437"}],"version-history":[{"count":9,"href":"https:\/\/www.fbycc.org\/index.php\/wp-json\/wp\/v2\/posts\/1437\/revisions"}],"predecessor-version":[{"id":1548,"href":"https:\/\/www.fbycc.org\/index.php\/wp-json\/wp\/v2\/posts\/1437\/revisions\/1548"}],"wp:attachment":[{"href":"https:\/\/www.fbycc.org\/index.php\/wp-json\/wp\/v2\/media?parent=1437"}],"wp:term":[{"taxonomy":"category","embeddable":true,"href":"https:\/\/www.fbycc.org\/index.php\/wp-json\/wp\/v2\/categories?post=1437"},{"taxonomy":"post_tag","embeddable":true,"href":"https:\/\/www.fbycc.org\/index.php\/wp-json\/wp\/v2\/tags?post=1437"}],"curies":[{"name":"wp","href":"https:\/\/api.w.org\/{rel}","templated":true}]}}