{"id":1415,"date":"2017-11-29T12:39:36","date_gmt":"2017-11-29T12:39:36","guid":{"rendered":"http:\/\/www.fbycc.org\/?p=1415"},"modified":"2019-03-12T19:18:39","modified_gmt":"2019-03-12T19:18:39","slug":"jornada-nuevos-horizontes-de-la-huella-de-carbono","status":"publish","type":"post","link":"https:\/\/www.fbycc.org\/index.php\/2017\/11\/29\/jornada-nuevos-horizontes-de-la-huella-de-carbono\/","title":{"rendered":"Jornada: \u00abNuevos Horizontes de la Huella de Carbono\u00bb"},"content":{"rendered":"<p><img loading=\"lazy\" decoding=\"async\" class=\"wp-image-1417 size-medium alignleft\" src=\"http:\/\/www.fbycc.org\/wp-content\/uploads\/2017\/11\/IMG_20171122_100911512_HDR-300x225.jpg\" alt=\"\" width=\"300\" height=\"225\" srcset=\"https:\/\/www.fbycc.org\/wp-content\/uploads\/2017\/11\/IMG_20171122_100911512_HDR-300x225.jpg 300w, https:\/\/www.fbycc.org\/wp-content\/uploads\/2017\/11\/IMG_20171122_100911512_HDR-768x576.jpg 768w, https:\/\/www.fbycc.org\/wp-content\/uploads\/2017\/11\/IMG_20171122_100911512_HDR-1024x768.jpg 1024w, https:\/\/www.fbycc.org\/wp-content\/uploads\/2017\/11\/IMG_20171122_100911512_HDR-800x600.jpg 800w\" sizes=\"auto, (max-width: 300px) 100vw, 300px\" \/>El pasado d\u00eda 22 de noviembre, organizado por la E.T.S.I. de Montes de la UPM y AENOR se ha celebrado con gran \u00e9xito de asistencia la <strong>Jornada sobre Huella de Carbono titulada \u00ab<em>Nuevos Horizontes de la Huella de Carbono<\/em>\u00ab<\/strong> como evidencia palpable del inter\u00e9s que esta materia est\u00e1 despertando en la Administraci\u00f3n, empresas y sociedad en general.<\/p>\n<p style=\"text-align: justify;\">Empresas de muy diversos sectores, estudiantes y meros consumidores, acudieron a este encuentro promovido por el <a href=\"https:\/\/sites.google.com\/site\/carbonfootprintmontes\/\">Equipo de Huella de Carbono de Montes<\/a>\u00a0, en colaboraci\u00f3n con el proyecto Erasmus+ <a href=\"http:\/\/www.ecostarhub.com\/\">Ecostar <\/a>y con el patrocinio de Tennaxia y Soandex.<\/p>\n<p style=\"text-align: justify;\">El el acto, AENOR present\u00f3 su colecci\u00f3n\u00a0de\u00a0<a href=\"http:\/\/www.aenor.es\/aenor\/normas\/ediciones\/ediciones.asp#.Wh6m7kribIU\">lib<\/a><a href=\"http:\/\/www.aenor.es\/aenor\/normas\/ediciones\/ediciones.asp#.Wh6m7kribIU\">ros de<\/a> <a href=\"http:\/\/www.aenor.es\/aenor\/normas\/ediciones\/ediciones.asp#.Wh6m7kribIU\">Huella de Carbono<\/a> integrada hasta el momento por seis pr\u00e1cticos libros que dan una completa visi\u00f3n de la tem\u00e1tica con un lenguaje sencillo, de la que son autores principales los integrantes del Equipo Huella de Carbono-Montes.<\/p>\n<p style=\"text-align: justify;\">Adem\u00e1s de AENOR y de miembros del Equipo, participaron tambi\u00e9n como ponentes distintos responsables de la OECC, del Ayuntamiento de Madrid y de las empresas espa\u00f1ola Soandex y francesa Tennaxia.<\/p>\n<p style=\"text-align: justify;\">Entre las principales ideas que se manejaron en la jornada se pueden destacar las palabras de Jos\u00e9 Magro (Gerente de Medio Ambiente de AENOR) dirigidas principalmente a las empresas para incentivarlas a participar de forma activa:<\/p>\n<p><img loading=\"lazy\" decoding=\"async\" class=\"size-medium wp-image-1418 alignright\" src=\"http:\/\/www.fbycc.org\/wp-content\/uploads\/2017\/11\/IMG_20171122_111037680_HDR-300x225.jpg\" alt=\"\" width=\"300\" height=\"225\" srcset=\"https:\/\/www.fbycc.org\/wp-content\/uploads\/2017\/11\/IMG_20171122_111037680_HDR-300x225.jpg 300w, https:\/\/www.fbycc.org\/wp-content\/uploads\/2017\/11\/IMG_20171122_111037680_HDR-768x576.jpg 768w, https:\/\/www.fbycc.org\/wp-content\/uploads\/2017\/11\/IMG_20171122_111037680_HDR-1024x768.jpg 1024w, https:\/\/www.fbycc.org\/wp-content\/uploads\/2017\/11\/IMG_20171122_111037680_HDR-800x600.jpg 800w\" sizes=\"auto, (max-width: 300px) 100vw, 300px\" \/><\/p>\n<p style=\"text-align: justify;\">\u00a0<em>\u201cLas posibles acciones de compensaci\u00f3n y reducci\u00f3n de la Huella de Carbono no son excluyentes sino complementarias. As\u00ed, gestionar el CO2 es gestionar la energ\u00eda\u201d<\/em>.<\/p>\n<p style=\"text-align: justify;\">Por su parte, Iv\u00e1n Moya Alc\u00f3n (Asociaci\u00f3n Espa\u00f1ola de Normalizaci\u00f3n, UNE) hizo hincapi\u00e9 en la aplicaci\u00f3n de las normas como herramientas que nos permiten mitigar y adaptarnos al Cambio Clim\u00e1tico. Como miembro de Ecostar y del Equipo de Huella de Carbono, Carmen Avil\u00e9s\u00a0Palacios destac\u00f3 que \u201csi las personas, las empresas y la sociedad son sostenibles, entonces el mundo tambi\u00e9n lo ser\u00e1\u201d. Agust\u00edn Rubio (director del Equipo Huella de Carbono-Montes) cerr\u00f3 el acto se\u00f1alando que \u00abla lucha contra el cambio clim\u00e1tico no es responsabilidad solo de la Administraci\u00f3n, de las empresas o de los ciudadanos, sino que es una tarea que nos concierne a todos y entre todos tenemos que conseguirlo\u00bb.<\/p>\n","protected":false},"excerpt":{"rendered":"<p>El pasado d\u00eda 22 de noviembre, organizado por la E.T.S.I. de Montes de la UPM y AENOR se ha celebrado con gran \u00e9xito de asistencia la Jornada sobre Huella de Carbono titulada<a class=\"moretag\" href=\"https:\/\/www.fbycc.org\/index.php\/2017\/11\/29\/jornada-nuevos-horizontes-de-la-huella-de-carbono\/\">Leer m\u00e1s&#8230;<\/a><\/p>\n","protected":false},"author":2,"featured_media":0,"comment_status":"closed","ping_status":"open","sticky":false,"template":"","format":"standard","meta":{"_monsterinsights_skip_tracking":false,"_monsterinsights_sitenote_active":false,"_monsterinsights_sitenote_note":"","_monsterinsights_sitenote_category":0,"footnotes":""},"categories":[12],"tags":[81,82,48],"class_list":["post-1415","post","type-post","status-publish","format-standard","hentry","category-jornadas","tag-aenor","tag-etsi-montes-forestal-y-del-medio-natural","tag-huella-de-carbono"],"_links":{"self":[{"href":"https:\/\/www.fbycc.org\/index.php\/wp-json\/wp\/v2\/posts\/1415","targetHints":{"allow":["GET"]}}],"collection":[{"href":"https:\/\/www.fbycc.org\/index.php\/wp-json\/wp\/v2\/posts"}],"about":[{"href":"https:\/\/www.fbycc.org\/index.php\/wp-json\/wp\/v2\/types\/post"}],"author":[{"embeddable":true,"href":"https:\/\/www.fbycc.org\/index.php\/wp-json\/wp\/v2\/users\/2"}],"replies":[{"embeddable":true,"href":"https:\/\/www.fbycc.org\/index.php\/wp-json\/wp\/v2\/comments?post=1415"}],"version-history":[{"count":14,"href":"https:\/\/www.fbycc.org\/index.php\/wp-json\/wp\/v2\/posts\/1415\/revisions"}],"predecessor-version":[{"id":1431,"href":"https:\/\/www.fbycc.org\/index.php\/wp-json\/wp\/v2\/posts\/1415\/revisions\/1431"}],"wp:attachment":[{"href":"https:\/\/www.fbycc.org\/index.php\/wp-json\/wp\/v2\/media?parent=1415"}],"wp:term":[{"taxonomy":"category","embeddable":true,"href":"https:\/\/www.fbycc.org\/index.php\/wp-json\/wp\/v2\/categories?post=1415"},{"taxonomy":"post_tag","embeddable":true,"href":"https:\/\/www.fbycc.org\/index.php\/wp-json\/wp\/v2\/tags?post=1415"}],"curies":[{"name":"wp","href":"https:\/\/api.w.org\/{rel}","templated":true}]}}