{"id":1410,"date":"2017-11-29T12:00:28","date_gmt":"2017-11-29T12:00:28","guid":{"rendered":"http:\/\/www.fbycc.org\/?p=1410"},"modified":"2019-03-12T19:18:39","modified_gmt":"2019-03-12T19:18:39","slug":"la-conferencia-de-bonn-sirve-de-plataforma-de-lanzamiento-para-una-mayor-ambicion","status":"publish","type":"post","link":"https:\/\/www.fbycc.org\/index.php\/2017\/11\/29\/la-conferencia-de-bonn-sirve-de-plataforma-de-lanzamiento-para-una-mayor-ambicion\/","title":{"rendered":"La COP 23 sirve de plataforma de lanzamiento para una mayor ambici\u00f3n"},"content":{"rendered":"<p style=\"text-align: justify;\">Las naciones acordaron el pasado 18 de noviembre lanzar un proceso para aumentar los niveles de ambici\u00f3n de la acci\u00f3n clim\u00e1tica antes de 2020. Este acuerdo puso punto y final a la conferencia sobre el clima de la ONU (COP23) que se celebr\u00f3 en la ciudad alemana de Bonn.<\/p>\n<p style=\"text-align: center;\"><img loading=\"lazy\" decoding=\"async\" class=\"aligncenter wp-image-1411 size-full\" src=\"http:\/\/www.fbycc.org\/wp-content\/uploads\/2017\/11\/cop23fiji.jpg\" alt=\"\" width=\"800\" height=\"449\" srcset=\"https:\/\/www.fbycc.org\/wp-content\/uploads\/2017\/11\/cop23fiji.jpg 800w, https:\/\/www.fbycc.org\/wp-content\/uploads\/2017\/11\/cop23fiji-300x168.jpg 300w, https:\/\/www.fbycc.org\/wp-content\/uploads\/2017\/11\/cop23fiji-768x431.jpg 768w\" sizes=\"auto, (max-width: 800px) 100vw, 800px\" \/><\/p>\n<p style=\"text-align: justify;\">Este proceso se denomina \u201cDi\u00e1logo de Talanoa\u201d inspirado por el concepto tradicional de di\u00e1logo constructivo originario del Pac\u00edfico. Este di\u00e1logo va a poner las bases para que, en la conferencia de 2018, en Polonia, se revisen al alza los planes nacionales de acci\u00f3n clim\u00e1tica necesarios para poner al mundo camino de lograr los objetivos para antes de 2020, y los objetivos de largo plazo del Acuerdo de Par\u00eds que est\u00e1 a punto de cumplir dos a\u00f1os.<\/p>\n<p style=\"text-align: justify;\">Un informe presentado por la\u00a0<a href=\"http:\/\/www.irena.org\/\">Agencia Internacional de Energ\u00edas Renovables\u00a0<\/a>durante la conferencia mostr\u00f3 que muchos pa\u00edses tienen ahora mayores objetivos con energ\u00eda renovable que los establecidos en sus planes nacionales de acci\u00f3n clim\u00e1tica, o contribuciones determinadas a nivel nacional. Esto indica que, en muchos de ellos, al menos con respecto a la energ\u00eda verde, ya se est\u00e1 viendo una mayor ambici\u00f3n.<\/p>\n<p style=\"text-align: justify;\">Seg\u00fan un informe cient\u00edfico especial, producido para la conferencia por\u00a0<a href=\"http:\/\/www.futureearth.org\/\">Future Earth\u00a0<\/a>y\u00a0<a href=\"http:\/\/www.the-earth-league.org\/\">The Earth League<\/a>, la expansi\u00f3n de las energ\u00edas renovables en todo el mundo se est\u00e1 duplicando cada cinco a\u00f1os y medio aproximadamente, de acuerdo con la descarbonizaci\u00f3n completa del sector de la energ\u00eda a mediados de siglo.<\/p>\n<p style=\"text-align: justify;\">Patricia Espinosa, Secretaria Ejecutiva de\u00a0<a href=\"https:\/\/cop23.unfccc.int\/es\">ONU Cambio Clim\u00e1tico<\/a>, organizadora de la conferencia con el apoyo del Gobierno de Alemania, afirm\u00f3:\u00a0\u201cCon la adopci\u00f3n del Di\u00e1logo de Talanoa, la conferencia ha facilitado una plataforma de lanzamiento para pasar a la siguiente etapa de mayor ambici\u00f3n. Tambi\u00e9n ha avanzado en las directrices de implementaci\u00f3n del Acuerdo de Par\u00eds para que en 2018 sea posible realmente apoyar la cooperaci\u00f3n internacional de manera sostenida, y los esfuerzos nacionales para lograr un mundo m\u00e1s seguro, pr\u00f3spero y mejor para todos\u201d<\/p>\n<p style=\"text-align: justify;\">Con tantas promesas e iniciativas de acci\u00f3n clim\u00e1tica, un mensaje a\u00fan m\u00e1s potente que se ha extra\u00eddo de la COP23 ha sido la creciente necesidad de coordinar esfuerzos en materia de pol\u00edticas, planificaci\u00f3n e inversi\u00f3n para garantizar que cada c\u00e9ntimo invertido, y cada minuto de trabajo contribuido, tenga un impacto mucho mayor y aumente la ambici\u00f3n en cuanto a los planes clim\u00e1ticos nacionales.<\/p>\n<p style=\"text-align: justify;\"><strong>Resultados y aspectos destacados<\/strong><\/p>\n<p style=\"text-align: justify;\">Tanto el Presidente de la COP23 como la Secretaria Ejecutiva de ONU Cambio Clim\u00e1tico subrayaron algunos de los aspectos destacados de la conferencia de las Naciones Unidas sobre el clima 2017 como han sido los resultados de las negociaciones, por un lado, y la Alianza de Marrakech para la Acci\u00f3n Clim\u00e1tica Global, por el otro, con un amplio abanico de eventos, incluidos eventos de alto nivel.<\/p>\n<ul style=\"text-align: justify;\">\n<li><strong>Financiamiento a largo plazo:<\/strong>los pa\u00edses acogieron con satisfacci\u00f3n el progreso, pero tambi\u00e9n exhortaron a que se hicieran mayores esfuerzos para lograr los 100 mil millones de d\u00f3lares estadounidenses por a\u00f1o acordados para 2020, para apoyar a los pa\u00edses en desarrollo a tomar medidas clim\u00e1ticas.<\/li>\n<li><strong>El Fondo de Adaptaci\u00f3n excede el objetivo de 2017:\u00a0<\/strong>el objetivo de financiaci\u00f3n de este a\u00f1o eran 80 millones de d\u00f3lares estadounidenses pero los anuncios de financiaci\u00f3n, como los de los Gobiernos de Alemania e Italia, han superado esa cifra en m\u00e1s de 13 millones de d\u00f3lares, sumando un aporte total de 93,3 millones.<\/li>\n<li><strong>Avance hist\u00f3rico en agricultura:\u00a0<\/strong>hubo un avance pol\u00edtico hist\u00f3rico en este \u00e1mbito, que puede conducir a una respuesta m\u00e1s r\u00e1pida y coordinada de las naciones para abordar un sector que es el segundo mayor emisor de gases de efecto invernadero despu\u00e9s de la energ\u00eda.<\/li>\n<li><strong>El Gobierno de Noruega, la empresa multinacional <\/strong><strong>Unilever<\/strong> y otros socios anunciaron un fondo de 400 millones de d\u00f3lares para apoyar una agricultura m\u00e1s eficiente, a peque\u00f1os agricultores y la gesti\u00f3n sostenible de los bosques.<\/li>\n<li><strong>Plan de Acci\u00f3n de G\u00e9nero:<\/strong>el papel crucial de las mujeres en la lucha contra el cambio clim\u00e1tico, ser\u00e1 formalmente reforzado mediante este plan. Se trata de un avance importante debido a la especial vulnerabilidad de las mujeres frente al cambio clim\u00e1tico y sus efectos, y para que las mujeres no sean excluidas de la toma de decisiones. El Plan tiene como objetivo hacer que las mujeres sean parte de los proyectos y decisiones sobre cambio clim\u00e1tico a nivel internacional y nacional.<\/li>\n<li><strong>Plataforma de las comunidades locales y los pueblos ind\u00edgenas:\u00a0<\/strong>un logro pol\u00edtico y pr\u00e1ctico que tiene como objetivo apoyar el papel pleno e igualitario que desempe\u00f1an los pueblos ind\u00edgenas en la acci\u00f3n clim\u00e1tica, al tiempo que reconoce la responsabilidad de los gobiernos de respetar los derechos de los pueblos ind\u00edgenas en estas decisiones.<\/li>\n<li><strong>Lanzamiento del Camino de los Oc\u00e9anos (Ocean Pathway):\u00a0<\/strong>tiene el objetivo para 2020 de fortalecer la acci\u00f3n y la financiaci\u00f3n vinculando la acci\u00f3n contra el cambio clim\u00e1tico, a favor de los oc\u00e9anos y de medios de subsistencia saludables. Se vincula con el proceso de las Naciones Unidas sobre el cambio clim\u00e1tico, as\u00ed como con objetivos y ambiciones m\u00e1s expl\u00edcitos en los planes nacionales de acci\u00f3n clim\u00e1tica.<\/li>\n<li><strong>Presentaci\u00f3n de una red de periodistas de las Islas del Pac\u00edfico:\u00a0<\/strong>diez medios de comunicaci\u00f3n galardonados de Fiji, Samoa; Islas Salom\u00f3n; Pap\u00faa Nueva Guinea; Tonga y Vanuatu, que asistieron a la conferencia gracias a fondos del Gobierno de Alemania y el apoyo de la Academia Deutsche Welle y ONU Cambio Clim\u00e1tico, anunciaron la formaci\u00f3n de una nueva asociaci\u00f3n impulsar la informaci\u00f3n sobre cambio clim\u00e1tico en los medios de todo el Pac\u00edfico.<\/li>\n<li><strong>La iniciativa\u00a0<a href=\"http:\/\/www.insuresilience.org\/\">InsuResilience\u00a0<\/a><\/strong>anunci\u00f3 nuevas alianzas y 125 millones de d\u00f3lares estadounidenses adicionales del Gobierno de Alemania para apoyar su objetivo de proporcionar una cobertura de seguros frente a los desastres asequible a 400 millones de personas pobres y vulnerables para 2020.<\/li>\n<li>Lanzamiento de la\u00a0<strong>c\u00e1mara de compensaci\u00f3n Fiji para la transferencia de riesgos<\/strong>para dar un apoyo adicional mediante un nuevo servicio online para que los pa\u00edses vulnerables encuentren seguros y soluciones asequibles para evitar los riesgos clim\u00e1ticos.<\/li>\n<li>El\u00a0<strong>Gobierno de Alemania y el del Reino Unido,<\/strong>junto con otros socios, anunciaron una aportaci\u00f3n de 153 millones de d\u00f3lares estadounidenses para ampliar los programas de lucha contra el cambio clim\u00e1tico y la deforestaci\u00f3n en la Amazon\u00eda.<\/li>\n<li><strong>El\u00a0<a href=\"http:\/\/www.eib.org\/\">Banco Europeo de Inversiones\u00a0<\/a><\/strong>anunci\u00f3 una aportaci\u00f3n de 75 millones de d\u00f3lares para un programa de inversi\u00f3n de 405 millones de la direcci\u00f3n de Recursos H\u00eddricos de Fiji. Esta inversi\u00f3n reforzar\u00e1 la resiliencia de la distribuci\u00f3n del agua y el tratamiento de las aguas residuales tras el cicl\u00f3n Winston, la segunda tormenta m\u00e1s grande del mundo jam\u00e1s registrada, y que azot\u00f3 Fiji en febrero de 2016.<\/li>\n<li>El\u00a0<strong><a href=\"http:\/\/ccap.org\/assets\/GCF-Fact-Sheet-ESP.pdf\">Fondo Verde para el Clima\u00a0<\/a>y el\u00a0<a href=\"http:\/\/www.ebrd.com\/home\">Banco Europeo para la Reconstrucci\u00f3n y el Desarrollo<\/a>\u00a0<\/strong>anunciaron m\u00e1s de 37 millones de d\u00f3lares en donaciones para el\u00a0<a href=\"http:\/\/www.greenclimate.fund\/-\/gcf-ebrd-saiss-water-conservation-project\">Proyecto<\/a>\u00a0de conservaci\u00f3n del agua Sa\u00efss, de 243 millones de d\u00f3lares, para ayudar a Marruecos a crear una agricultura m\u00e1s resiliente.<\/li>\n<li><strong>America&#8217;s Pledge<\/strong>(el compromiso de Estados Unidos) re\u00fane a los l\u00edderes del sector p\u00fablico y privado para garantizar que EE. UU. contin\u00fae siendo l\u00edder mundial en la reducci\u00f3n de emisiones y cumpla sus objetivos clim\u00e1ticos en virtud del\u00a0<a href=\"http:\/\/unfccc.int\/paris_agreement\/items\/9485.php\">Acuerdo de Par\u00eds<\/a>.<\/li>\n<li><strong>Lanzamiento de la\u00a0<a href=\"https:\/\/www.gov.uk\/government\/uploads\/system\/uploads\/attachment_data\/file\/660041\/powering-past-coal-alliance.pdf\">Powering Past Coal Alliance<\/a><\/strong>que re\u00fane a 25 pa\u00edses, estados y regiones para acelerar la eliminaci\u00f3n del carb\u00f3n y apoyar a los trabajadores y comunidades afectadas en la transici\u00f3n.<\/li>\n<li><strong>El Programa de las Naciones Unidas para el Desarrollo (<a href=\"http:\/\/www.undp.org\/content\/undp\/es\/home.html\">PNUD<\/a>), los Gobiernos de Alemania y Espa\u00f1a, y la Uni\u00f3n Europea<\/strong>presentaron un programa de apoyo a las contribuciones determinadas a nivel nacional de 42 millones de euros para asistir a los pa\u00edses a alcanzar los objetivos del Acuerdo de Par\u00eds.<\/li>\n<li><strong>La Alianza para las contribuciones determinadas a nivel nacional <\/strong>(NDC Partnership) anunci\u00f3 el establecimiento de un nuevo centro regional que apoyar\u00e1 la implementaci\u00f3n de planes de acci\u00f3n clim\u00e1tica nacionales (o contribuciones determinadas a nivel nacional) en la zona del Pac\u00edfico.<\/li>\n<li><strong>13 pa\u00edses m\u00e1s la Agencia Internacional de la Energ\u00eda <\/strong>(<a href=\"https:\/\/www.iea.org\/\">AIE<\/a>) anunciaron una inversi\u00f3n de 30 millones de euros para el Programa de transiciones a la energ\u00eda limpia de la AIE.<\/li>\n<li><strong>Iniciativa de salud para los peque\u00f1os Estados insulares en desarrollo<\/strong>, lanzada por la Organizaci\u00f3n Mundial de la Salud (<a href=\"http:\/\/www.who.int\/es\/\">OMS<\/a>), la secretar\u00eda de ONU Cambio Clim\u00e1tico y la Presidencia de Fiji de la COP23, para garantizar que los peque\u00f1os Estados insulares en desarrollo tengan sistemas de salud resilientes al cambio clim\u00e1tico para 2030.<\/li>\n<\/ul>\n<p style=\"text-align: justify;\"><em>Si desea ver los discursos de todos los representantes nacionales en la\u00a0<a href=\"https:\/\/cop23.unfccc.int\/es\/introduccion-la-cop23\">COP23<\/a>, haz clic\u00a0<a href=\"https:\/\/cop23.unfccc.int\/cop23\/high-level-segment\/high-level-segment-statements-of-cop23\/cmp13\/cma12\">aqu\u00ed<\/a>.<\/em><\/p>\n<p><span style=\"font-size: 8pt;\">Fuente: ONU<\/span><\/p>\n<p>&nbsp;<\/p>\n","protected":false},"excerpt":{"rendered":"<p>Las naciones acordaron el pasado 18 de noviembre lanzar un proceso para aumentar los niveles de ambici\u00f3n de la acci\u00f3n clim\u00e1tica antes de 2020. Este acuerdo puso punto y final a la<a class=\"moretag\" href=\"https:\/\/www.fbycc.org\/index.php\/2017\/11\/29\/la-conferencia-de-bonn-sirve-de-plataforma-de-lanzamiento-para-una-mayor-ambicion\/\">Leer m\u00e1s&#8230;<\/a><\/p>\n","protected":false},"author":2,"featured_media":0,"comment_status":"closed","ping_status":"open","sticky":false,"template":"","format":"standard","meta":{"_monsterinsights_skip_tracking":false,"_monsterinsights_sitenote_active":false,"_monsterinsights_sitenote_note":"","_monsterinsights_sitenote_category":0,"footnotes":""},"categories":[11],"tags":[19,80],"class_list":["post-1410","post","type-post","status-publish","format-standard","hentry","category-noticias","tag-acuerdo-de-paris","tag-cop23"],"_links":{"self":[{"href":"https:\/\/www.fbycc.org\/index.php\/wp-json\/wp\/v2\/posts\/1410","targetHints":{"allow":["GET"]}}],"collection":[{"href":"https:\/\/www.fbycc.org\/index.php\/wp-json\/wp\/v2\/posts"}],"about":[{"href":"https:\/\/www.fbycc.org\/index.php\/wp-json\/wp\/v2\/types\/post"}],"author":[{"embeddable":true,"href":"https:\/\/www.fbycc.org\/index.php\/wp-json\/wp\/v2\/users\/2"}],"replies":[{"embeddable":true,"href":"https:\/\/www.fbycc.org\/index.php\/wp-json\/wp\/v2\/comments?post=1410"}],"version-history":[{"count":3,"href":"https:\/\/www.fbycc.org\/index.php\/wp-json\/wp\/v2\/posts\/1410\/revisions"}],"predecessor-version":[{"id":1414,"href":"https:\/\/www.fbycc.org\/index.php\/wp-json\/wp\/v2\/posts\/1410\/revisions\/1414"}],"wp:attachment":[{"href":"https:\/\/www.fbycc.org\/index.php\/wp-json\/wp\/v2\/media?parent=1410"}],"wp:term":[{"taxonomy":"category","embeddable":true,"href":"https:\/\/www.fbycc.org\/index.php\/wp-json\/wp\/v2\/categories?post=1410"},{"taxonomy":"post_tag","embeddable":true,"href":"https:\/\/www.fbycc.org\/index.php\/wp-json\/wp\/v2\/tags?post=1410"}],"curies":[{"name":"wp","href":"https:\/\/api.w.org\/{rel}","templated":true}]}}