{"id":1397,"date":"2017-10-27T10:56:36","date_gmt":"2017-10-27T10:56:36","guid":{"rendered":"http:\/\/www.fbycc.org\/?p=1397"},"modified":"2019-03-12T19:18:39","modified_gmt":"2019-03-12T19:18:39","slug":"proxima-conferencia-de-bonn-cop23","status":"publish","type":"post","link":"https:\/\/www.fbycc.org\/index.php\/2017\/10\/27\/proxima-conferencia-de-bonn-cop23\/","title":{"rendered":"Pr\u00f3xima Conferencia de Bonn (COP23)"},"content":{"rendered":"<p style=\"text-align: center;\"><img loading=\"lazy\" decoding=\"async\" class=\"alignnone wp-image-1398 size-full\" src=\"http:\/\/www.fbycc.org\/wp-content\/uploads\/2017\/10\/cop23.jpg\" alt=\"\" width=\"660\" height=\"250\" srcset=\"https:\/\/www.fbycc.org\/wp-content\/uploads\/2017\/10\/cop23.jpg 660w, https:\/\/www.fbycc.org\/wp-content\/uploads\/2017\/10\/cop23-300x114.jpg 300w\" sizes=\"auto, (max-width: 660px) 100vw, 660px\" \/><\/p>\n<p style=\"text-align: justify;\">La 23\u00aa reuni\u00f3n de la Conferencia de las Partes (COP 23) de la Convenci\u00f3n de las Naciones Unidas sobre el Cambio Clim\u00e1tico (CMNUCC) ser\u00e1 organizada por Fiji y se celebrar\u00e1 en la sede de la secretar\u00eda de la CMNUCC en Bonn del 6 al 17 de noviembre, tiempo durante el cual la ciudad se convertir\u00e1 en el Campus del Clima.<\/p>\n<p style=\"text-align: justify;\">El reto de la COP23 ser\u00e1 impulsar la aplicaci\u00f3n del Acuerdo de Par\u00eds, por lo que las negociaciones de los pa\u00edses se centrar\u00e1n en elaborar directrices para poner en marcha cuestiones como la transparencia, la adaptaci\u00f3n, la reducci\u00f3n de las emisiones, la financiaci\u00f3n, la creaci\u00f3n de capacidad y la tecnolog\u00eda, seg\u00fan se recoge en el programa oficial de negociaci\u00f3n.<\/p>\n<p style=\"text-align: justify;\">La secretaria ejecutiva de la Convenci\u00f3n Marco de las Naciones Unidas sobre Cambio Clim\u00e1tico (CMNUCC), Patricia Espinosa, ha se\u00f1alado que \u00abel sector privado est\u00e1 pidiendo poner precio al carb\u00f3n\u00bb y que en la pr\u00f3xima Cumbre de Cambio Clim\u00e1tico (COP23) se debe \u00abir en esa direcci\u00f3n\u00bb.<\/p>\n<p style=\"text-align: justify;\">Seg\u00fan ha informado \u00abno ser\u00e1 factible\u00bb alcanzar los objetivos del Acuerdo de Par\u00eds de no superar un aumento global de temperatura de 2\u00baC si la tecnolog\u00eda de Captura y Almacenamiento de Carb\u00f3n (CCS por sus siglas en ingl\u00e9s) \u00abse queda fuera\u00bb de las negociaciones.<\/p>\n<p style=\"text-align: justify;\">\u00abTenemos que hablar de una combinaci\u00f3n de adaptaci\u00f3n y mitigaci\u00f3n\u00bb, ha destacado la secretaria en relaci\u00f3n con las tecnolog\u00edas de \u00abemisiones negativas\u00bb como la Bioenerg\u00eda con Captura y Almacenamiento de Carbono (BECCS por sus siglas en ingl\u00e9s).<\/p>\n<p style=\"text-align: justify;\">Hasta el momento, 154 pa\u00edses han ratificado el Acuerdo de Par\u00eds y, ahora, \u00abtendr\u00e1n que hacer contribuciones espec\u00edficas para su implementaci\u00f3n\u00bb. El objetivo \u00faltimo ser\u00e1 avanzar en todas estas \u00e1reas de manera que las directrices puedan quedar terminadas en la COP24 que se celebrar\u00e1 en Polonia en 2018.<\/p>\n","protected":false},"excerpt":{"rendered":"<p>La 23\u00aa reuni\u00f3n de la Conferencia de las Partes (COP 23) de la Convenci\u00f3n de las Naciones Unidas sobre el Cambio Clim\u00e1tico (CMNUCC) ser\u00e1 organizada por Fiji y se celebrar\u00e1 en la<a class=\"moretag\" href=\"https:\/\/www.fbycc.org\/index.php\/2017\/10\/27\/proxima-conferencia-de-bonn-cop23\/\">Leer m\u00e1s&#8230;<\/a><\/p>\n","protected":false},"author":2,"featured_media":0,"comment_status":"closed","ping_status":"open","sticky":false,"template":"","format":"standard","meta":{"_monsterinsights_skip_tracking":false,"_monsterinsights_sitenote_active":false,"_monsterinsights_sitenote_note":"","_monsterinsights_sitenote_category":0,"footnotes":""},"categories":[11],"tags":[19,17,80],"class_list":["post-1397","post","type-post","status-publish","format-standard","hentry","category-noticias","tag-acuerdo-de-paris","tag-cambio-climatico","tag-cop23"],"_links":{"self":[{"href":"https:\/\/www.fbycc.org\/index.php\/wp-json\/wp\/v2\/posts\/1397","targetHints":{"allow":["GET"]}}],"collection":[{"href":"https:\/\/www.fbycc.org\/index.php\/wp-json\/wp\/v2\/posts"}],"about":[{"href":"https:\/\/www.fbycc.org\/index.php\/wp-json\/wp\/v2\/types\/post"}],"author":[{"embeddable":true,"href":"https:\/\/www.fbycc.org\/index.php\/wp-json\/wp\/v2\/users\/2"}],"replies":[{"embeddable":true,"href":"https:\/\/www.fbycc.org\/index.php\/wp-json\/wp\/v2\/comments?post=1397"}],"version-history":[{"count":1,"href":"https:\/\/www.fbycc.org\/index.php\/wp-json\/wp\/v2\/posts\/1397\/revisions"}],"predecessor-version":[{"id":1399,"href":"https:\/\/www.fbycc.org\/index.php\/wp-json\/wp\/v2\/posts\/1397\/revisions\/1399"}],"wp:attachment":[{"href":"https:\/\/www.fbycc.org\/index.php\/wp-json\/wp\/v2\/media?parent=1397"}],"wp:term":[{"taxonomy":"category","embeddable":true,"href":"https:\/\/www.fbycc.org\/index.php\/wp-json\/wp\/v2\/categories?post=1397"},{"taxonomy":"post_tag","embeddable":true,"href":"https:\/\/www.fbycc.org\/index.php\/wp-json\/wp\/v2\/tags?post=1397"}],"curies":[{"name":"wp","href":"https:\/\/api.w.org\/{rel}","templated":true}]}}