{"id":1377,"date":"2017-09-14T10:29:33","date_gmt":"2017-09-14T10:29:33","guid":{"rendered":"http:\/\/www.fbycc.org\/?p=1377"},"modified":"2019-03-12T19:18:40","modified_gmt":"2019-03-12T19:18:40","slug":"el-parlamento-europeo-impulsa-el-papel-de-los-bosques-en-la-absorcion-de-co2","status":"publish","type":"post","link":"https:\/\/www.fbycc.org\/index.php\/2017\/09\/14\/el-parlamento-europeo-impulsa-el-papel-de-los-bosques-en-la-absorcion-de-co2\/","title":{"rendered":"El Parlamento Europeo impulsa el papel de los bosques en la absorci\u00f3n de CO2"},"content":{"rendered":"<div class=\"ep_gridcolumn ep-m_product\" data-view1200=\"6\" data-view1020=\"6\" data-view750=\"10\" data-view640=\"6\" data-view480=\"8\" data-view320=\"4\">\n<div class=\"ep_gridcolumn-content\">\n<div class=\"ep-a_text\">\n<p style=\"text-align: center;\"><span style=\"font-size: 12pt;\"><em>Para 2030 las emisiones deber\u00e1n compensarse con la absorci\u00f3n de CO2.\u00a0A partir de 2030, la absorci\u00f3n de CO2 deber\u00e1 superar a las emisiones.<\/em><\/span><\/p>\n<p style=\"text-align: center;\"><img loading=\"lazy\" decoding=\"async\" class=\"aligncenter wp-image-1382 size-full\" src=\"http:\/\/www.fbycc.org\/wp-content\/uploads\/2017\/09\/parlamento-europeo.jpg\" alt=\"\" width=\"500\" height=\"281\" srcset=\"https:\/\/www.fbycc.org\/wp-content\/uploads\/2017\/09\/parlamento-europeo.jpg 500w, https:\/\/www.fbycc.org\/wp-content\/uploads\/2017\/09\/parlamento-europeo-300x169.jpg 300w\" sizes=\"auto, (max-width: 500px) 100vw, 500px\" \/><\/p>\n<\/div>\n<\/div>\n<\/div>\n<div class=\"ep_gridcolumn ep-m_product\" style=\"text-align: justify;\" data-view1200=\"6\" data-view1020=\"6\" data-view750=\"10\" data-view640=\"6\" data-view480=\"8\" data-view320=\"4\">\n<div class=\"ep_gridcolumn-content\">\n<div class=\"ep-a_text ep-layout_chapo\">\n<p>El Parlamento Europeo apoy\u00f3 el pasado mi\u00e9rcoles nuevas reglas para impulsar el papel de los bosques en la absorci\u00f3n de CO<sub>2<\/sub>, lo que contribuir\u00e1 a reducir las emisiones contaminantes y combatir el calentamiento.<\/p>\n<\/div>\n<\/div>\n<\/div>\n<div class=\"ep_gridcolumn ep-m_product\" data-view1200=\"6\" data-view1020=\"6\" data-view750=\"10\" data-view640=\"6\" data-view480=\"8\" data-view320=\"4\">\n<div class=\"ep_gridcolumn-content\">\n<div class=\"ep-a_text\">\n<p style=\"text-align: justify;\">Los eurodiputados respaldaron el proyecto legislativo por el que Estados miembros tendr\u00e1n que asegurar el equilibrio entre las emisiones de CO<sub>2\u00a0<\/sub>y la absorci\u00f3n mediante los bosques, las zonas de pasto y de cultivo.<\/p>\n<p style=\"text-align: justify;\">El Parlamento incluy\u00f3, adem\u00e1s, provisiones para que a partir de 2030, los pa\u00edses tengan que alcanzar un ratio de absorci\u00f3n de CO<sub>2\u00a0<\/sub>superior al de emisiones, en l\u00ednea con los compromisos adquiridos por la UE en el marco del acuerdo de Par\u00eds sobre clima.<\/p>\n<p style=\"text-align: justify;\"><strong>Cr\u00e9ditos por la reducci\u00f3n de CO<sub>2<\/sub><\/strong><\/p>\n<p style=\"text-align: justify;\">Si la absorci\u00f3n de CO<sub>2\u00a0<\/sub>es superior a las emisiones por el uso de la tierra durante los primeros cinco a\u00f1os, los pa\u00edses podr\u00e1n acumular esos cr\u00e9ditos y usarlos m\u00e1s adelante, para lograr alcanzar sus objetivos en el siguiente periodo de cinco a\u00f1os. Los Estados miembros tambi\u00e9n podr\u00e1n utilizar esos cr\u00e9ditos para cumplir sus objetivos dentro del\u00a0<a href=\"http:\/\/www.europarl.europa.eu\/news\/es\/press-room\/20170609IPR77005\/acuerdo-de-paris-el-pe-apoya-mas-recortes-de-co2-y-debate-la-retirada-de-eeuu\" target=\"_blank\" rel=\"noopener noreferrer\">Reglamento sobre reducci\u00f3n de emisiones<\/a>.<\/p>\n<p style=\"text-align: justify;\">Los productos madereros aprovechados, como el material de construcci\u00f3n y el mobiliario, tambi\u00e9n contribuyen a reducir el CO<sub>2\u00a0<\/sub>, dado que almacenan el carbono absorbido por los \u00e1rboles durante su crecimiento. Incluir estos productos en la contabilidad, incentivar\u00e1 a los pa\u00edses a desarrollar el uso de la madera aprovechada (para fines distintos al energ\u00e9tico). El l\u00edmite al uso de cr\u00e9ditos por gesti\u00f3n forestal aumentar\u00e1 del 3,5% (como propon\u00eda la Comisi\u00f3n) al 7% para permitir contabilizar cr\u00e9ditos adicionales de esta categor\u00eda.<\/p>\n<p style=\"text-align: justify;\">Los pa\u00edses tendr\u00e1n que informar sobres sus emisiones anualmente, con el objetivo de equilibrar las emisiones y la absorci\u00f3n en dos periodos consecutivos de cinco a\u00f1os cada uno (2021-2025 y 2026-2030). Si un Estado miembro no alcanza sus objetivos en ninguno de los periodos, el d\u00e9ficit ser\u00e1 descontado de su asignaci\u00f3n en el marco del Reglamento sobre reducci\u00f3n de emisiones.<\/p>\n<p style=\"text-align: justify;\"><strong>Pr\u00f3ximos pasos<\/strong><\/p>\n<p style=\"text-align: justify;\">El proyecto sali\u00f3 adelante con 532 votos favorables, 144 en contra y 20 abstenciones. El pleno devolvi\u00f3 el texto a la comisi\u00f3n de Medio Ambiente, para que los negociadores del Parlamento puedan comenzar las conversaciones con el Consejo de Ministros, con vistas a alcanzar un acuerdo en primera lectura, una vez que los ministros hayan fijado su propia posici\u00f3n negociadora.<\/p>\n<p style=\"text-align: justify;\"><strong>Datos<\/strong><\/p>\n<p style=\"text-align: justify;\">Los umbrales para cada Estado miembro se establecer\u00e1n sobre la base de su \u201cnivel de referencia forestal\u201d -una estimaci\u00f3n de la media anual de emisiones o absorciones netas derivadas de las tierras forestales gestionadas en el territorio del pa\u00eds. Seg\u00fan los eurodiputados, deber\u00e1 basarse en las pr\u00e1cticas entre 2000 y 2012, un periodo m\u00e1s reciente que el propuesto por la Comisi\u00f3n (1990-2009).<\/p>\n<p style=\"text-align: justify;\">Las emisiones que las autoridades no pueden controlar, como las derivadas de fuegos, podr\u00e1n excluirse, pero con l\u00edmites, para no crear una laguna legislativa.<\/p>\n<p style=\"text-align: justify;\">Los bosques de la UE absorben el equivalente a casi el 10% del total de emisiones de gases de efecto invernadero del bloque.<\/p>\n<p style=\"text-align: justify;\">Esta propuesta legislativa, que es parte del paquete clim\u00e1tico presentado por la Comisi\u00f3n en julio de 2016, propone integrar las emisiones y la absorci\u00f3n por el uso de la tierra, el cambio de uso de la tierra y la silvicultura en el marco de actuaci\u00f3n en materia de clima y energ\u00eda hasta 2030.<\/p>\n<p><span style=\"font-size: 10pt;\">Fuente: Parlamento Europeo<\/span><\/p>\n<\/div>\n<\/div>\n<\/div>\n","protected":false},"excerpt":{"rendered":"<p>Para 2030 las emisiones deber\u00e1n compensarse con la absorci\u00f3n de CO2.\u00a0A partir de 2030, la absorci\u00f3n de CO2 deber\u00e1 superar a las emisiones. El Parlamento Europeo apoy\u00f3 el pasado mi\u00e9rcoles nuevas reglas<a class=\"moretag\" href=\"https:\/\/www.fbycc.org\/index.php\/2017\/09\/14\/el-parlamento-europeo-impulsa-el-papel-de-los-bosques-en-la-absorcion-de-co2\/\">Leer m\u00e1s&#8230;<\/a><\/p>\n","protected":false},"author":2,"featured_media":0,"comment_status":"closed","ping_status":"open","sticky":false,"template":"","format":"standard","meta":{"_monsterinsights_skip_tracking":false,"_monsterinsights_sitenote_active":false,"_monsterinsights_sitenote_note":"","_monsterinsights_sitenote_category":0,"footnotes":""},"categories":[11],"tags":[19,16,27,41],"class_list":["post-1377","post","type-post","status-publish","format-standard","hentry","category-noticias","tag-acuerdo-de-paris","tag-bosques","tag-lulucf","tag-union-europea"],"_links":{"self":[{"href":"https:\/\/www.fbycc.org\/index.php\/wp-json\/wp\/v2\/posts\/1377","targetHints":{"allow":["GET"]}}],"collection":[{"href":"https:\/\/www.fbycc.org\/index.php\/wp-json\/wp\/v2\/posts"}],"about":[{"href":"https:\/\/www.fbycc.org\/index.php\/wp-json\/wp\/v2\/types\/post"}],"author":[{"embeddable":true,"href":"https:\/\/www.fbycc.org\/index.php\/wp-json\/wp\/v2\/users\/2"}],"replies":[{"embeddable":true,"href":"https:\/\/www.fbycc.org\/index.php\/wp-json\/wp\/v2\/comments?post=1377"}],"version-history":[{"count":6,"href":"https:\/\/www.fbycc.org\/index.php\/wp-json\/wp\/v2\/posts\/1377\/revisions"}],"predecessor-version":[{"id":1549,"href":"https:\/\/www.fbycc.org\/index.php\/wp-json\/wp\/v2\/posts\/1377\/revisions\/1549"}],"wp:attachment":[{"href":"https:\/\/www.fbycc.org\/index.php\/wp-json\/wp\/v2\/media?parent=1377"}],"wp:term":[{"taxonomy":"category","embeddable":true,"href":"https:\/\/www.fbycc.org\/index.php\/wp-json\/wp\/v2\/categories?post=1377"},{"taxonomy":"post_tag","embeddable":true,"href":"https:\/\/www.fbycc.org\/index.php\/wp-json\/wp\/v2\/tags?post=1377"}],"curies":[{"name":"wp","href":"https:\/\/api.w.org\/{rel}","templated":true}]}}