{"id":1349,"date":"2017-09-08T08:47:27","date_gmt":"2017-09-08T08:47:27","guid":{"rendered":"http:\/\/www.fbycc.org\/?p=1349"},"modified":"2019-03-12T19:18:40","modified_gmt":"2019-03-12T19:18:40","slug":"juntos-por-los-bosque-pide-al-rey-su-apoyo","status":"publish","type":"post","link":"https:\/\/www.fbycc.org\/index.php\/2017\/09\/08\/juntos-por-los-bosque-pide-al-rey-su-apoyo\/","title":{"rendered":"Juntos por los Bosques pide al Rey su apoyo para visibilizar al sector"},"content":{"rendered":"<p style=\"text-align: justify;\">El Rey Don Felipe VI recibi\u00f3 el pasado d\u00eda 6 de septiembre, a una representaci\u00f3n de <strong>Juntos por los Bosques (JXB), colectivo que agrupa a m\u00e1s de 30 entidades representativas del sector forestal espa\u00f1ol, <\/strong>entre las que se encuentra el<strong> Foro de Bosques y Cambio Clim\u00e1tico<\/strong>, y\u00a0que tienen como objetivo unir su voz ante los poderes p\u00fablicos y la sociedad en su conjunto. Nuestro Presidente Javier de La Puente Vinuesa asisti\u00f3 en representaci\u00f3n del Foro de Bosques.<\/p>\n<p style=\"text-align: center;\"><iframe loading=\"lazy\" src=\"\/\/www.youtube.com\/embed\/xNh1YCxsBPc\" width=\"560\" height=\"314\" allowfullscreen=\"allowfullscreen\"><\/iframe><\/p>\n<p style=\"text-align: justify;\"><span style=\"text-align: justify;\">El portavoz de Juntos por los Bosques (JxB), Eduardo Rojas Briales, agradeci\u00f3 al Rey la recepci\u00f3n y le inform\u00f3, en nombre del colectivo, del estado actual del sector forestal espa\u00f1ol. \u201c<\/span><strong style=\"text-align: justify;\">Don Felipe ha demostrado estar informado tanto de la creaci\u00f3n del Consejo Forestal Nacional como del estado actual del sector<\/strong><span style=\"text-align: justify;\">. Adem\u00e1s, el Rey ha expresado su extra\u00f1eza por el hecho de que el elevado consenso que hay en la actualidad sobre la importancia de los bosques no genere m\u00e1s acciones concretas, no solo en Espa\u00f1a sino a nivel internacional\u201d, ha resaltado el portavoz de JXB.<\/span><\/p>\n<p style=\"text-align: justify;\">Para JXB, \u201c<strong>solo la gesti\u00f3n activa, fundada en el conocimiento cient\u00edfico, nos asegura bosques y otros espacios forestales resilientes ante el cambio clim\u00e1tico<\/strong>, creadores de empleo en el mundo rural y, sobre todo, menos combustibles\u201d. \u201cLos espacios forestales requieren un manejo profesional y ser el sost\u00e9n de una actividad econ\u00f3micamente viable, ser la base de cadenas de valor que sostengan empleo en el mundo rural\u201d, resalt\u00f3 Eduardo Rojas en su discurso.<\/p>\n<p><img loading=\"lazy\" decoding=\"async\" class=\"size-medium wp-image-1365 alignleft\" src=\"http:\/\/www.fbycc.org\/wp-content\/uploads\/2017\/09\/DJCKs8HXUAAPDVt-300x200.jpg\" alt=\"\" width=\"300\" height=\"200\" srcset=\"https:\/\/www.fbycc.org\/wp-content\/uploads\/2017\/09\/DJCKs8HXUAAPDVt-300x200.jpg 300w, https:\/\/www.fbycc.org\/wp-content\/uploads\/2017\/09\/DJCKs8HXUAAPDVt-768x511.jpg 768w, https:\/\/www.fbycc.org\/wp-content\/uploads\/2017\/09\/DJCKs8HXUAAPDVt-1024x682.jpg 1024w, https:\/\/www.fbycc.org\/wp-content\/uploads\/2017\/09\/DJCKs8HXUAAPDVt.jpg 1200w\" sizes=\"auto, (max-width: 300px) 100vw, 300px\" \/><\/p>\n<p style=\"text-align: justify;\">Record\u00f3, adem\u00e1s, Rojas Briales que \u201cel escenario pol\u00edtico actual, que demanda la b\u00fasqueda de consensos, los acuerdos de Par\u00eds sobre cambio clim\u00e1tico y el debate sobre la despoblaci\u00f3n rural, ofrecen una oportunidad de oro que no queremos ni debemos desaprovechar. El amplio consenso en la r\u00e1pida constituci\u00f3n del Consejo Forestal Nacional o la Proposici\u00f3n No de Ley sobre un Fondo Forestal financiado por una tasa sobre los hidrocarburos y el consumo de agua, aprobada en marzo pasado en el Congreso de los Diputados sin ning\u00fan voto en contra, son, aunque modestos, importantes logros conseguidos por nuestro compromiso colectivo\u201d.<\/p>\n<p style=\"text-align: justify;\">Finalmente, el portavoz de JXB dirigi\u00f3 la <strong>atenci\u00f3n sobre el medio rural y la importancia que tiene en el mantenimiento de los espacios forestales<\/strong>, una labor que desarrolla sin recibir reconocimiento ni compensaci\u00f3n econ\u00f3mica: \u201cSi reconocemos permanentemente que los bosques son insustituibles como infraestructura verde y la piedra angular de nuestro capital natural, la <strong>minor\u00eda social que los mantiene, nuestra poblaci\u00f3n de monta\u00f1a, no puede seguir haci\u00e9ndolo gratuitamente<\/strong> y, m\u00e1s a\u00fan, en un contexto de grave despoblaci\u00f3n interior\u201d, apunt\u00f3.<\/p>\n<p><img loading=\"lazy\" decoding=\"async\" class=\"size-medium wp-image-1366 alignright\" style=\"text-align: justify;\" src=\"http:\/\/www.fbycc.org\/wp-content\/uploads\/2017\/09\/DJCKs8WXgAAy0d4-300x200.jpg\" alt=\"\" width=\"300\" height=\"200\" srcset=\"https:\/\/www.fbycc.org\/wp-content\/uploads\/2017\/09\/DJCKs8WXgAAy0d4-300x200.jpg 300w, https:\/\/www.fbycc.org\/wp-content\/uploads\/2017\/09\/DJCKs8WXgAAy0d4-768x511.jpg 768w, https:\/\/www.fbycc.org\/wp-content\/uploads\/2017\/09\/DJCKs8WXgAAy0d4-1024x682.jpg 1024w, https:\/\/www.fbycc.org\/wp-content\/uploads\/2017\/09\/DJCKs8WXgAAy0d4.jpg 1200w\" sizes=\"auto, (max-width: 300px) 100vw, 300px\" \/><\/p>\n<p style=\"text-align: justify;\">En este contexto, el portavoz de JXB se dirigi\u00f3 al Rey para resaltar la importancia de su apoyo: \u201c<strong>Majestad, la instituci\u00f3n que encarn\u00e1is alberga la oportunidad de equilibrar la atenci\u00f3n hacia los retos intergeneracional<\/strong><strong>es como<\/strong><strong>\u00a0el forestal que por la tendencia cortoplacista del mundo actual suelen quedar relegados<\/strong>. Nos permitimos sugeriros que record\u00e9is a esa media Espa\u00f1a con frecuencia olvidada que son los espacios forestales, y a sus gentes\u201d, en referencia al dato de que los espacios forestales ocupan la mitad (el 55%) del territorio espa\u00f1ol.<\/p>\n<p style=\"text-align: justify;\">Seguidamente, Rojas Briales invit\u00f3 a Su Majestad a visitar, \u201ccuando vuestra agenda lo permita, la labor que tan callada como eficazmente realizan en pro del conjunto de nuestra sociedad nuestros selvicultores, privados o comunales, a lo largo de nuestra geograf\u00eda.\u201d<\/p>\n<p style=\"text-align: justify;\">Consciente de que \u201cnuestros bosques requieren de la mayor visibilidad posible\u201d, <strong>el portavoz de JXB propuso al Rey, \u201cque acept\u00e9is ser \u2018Embajador de los Bosques\u2019\u201d. Adem\u00e1s, invit\u00f3 a Don Felipe a la celebraci\u00f3n, el d\u00eda 21 de marzo, del D\u00eda Internacional de los Bosques<\/strong>, instituido por la ONU. Un acto que en Espa\u00f1a celebran conjuntamente el Ministerio, las Comunidades Aut\u00f3nomas y el sector forestal. \u201cConstituir\u00eda un especial honor para nosotros contar con vuestra presencia en dicho acto en 2018\u201d, indic\u00f3 Eduardo Rojas.<\/p>\n<p style=\"text-align: justify;\">Finalmente, como recuerdo, <strong>entregaron al Rey un ejemplar de la obra \u201cFlora Mayor\u201d, de Juan Ruiz de la Torre, un texto de referencia<\/strong> que escribi\u00f3 a los 80 a\u00f1os este insigne profesor, que fue<strong> maestro de muchas generaciones de ingenieros de Montes<\/strong> en la Escuela T\u00e9cnica Superior de Ingenieros de Montes de la Universidad polit\u00e9cnica de Madrid.<\/p>\n<p style=\"text-align: justify;\"><img loading=\"lazy\" decoding=\"async\" class=\"aligncenter wp-image-1356 size-large\" src=\"http:\/\/www.fbycc.org\/wp-content\/uploads\/2017\/09\/Rey_audiencia_bosques_20170906_01-1024x682.jpg\" alt=\"\" width=\"604\" height=\"402\" srcset=\"https:\/\/www.fbycc.org\/wp-content\/uploads\/2017\/09\/Rey_audiencia_bosques_20170906_01-1024x682.jpg 1024w, https:\/\/www.fbycc.org\/wp-content\/uploads\/2017\/09\/Rey_audiencia_bosques_20170906_01-300x200.jpg 300w, https:\/\/www.fbycc.org\/wp-content\/uploads\/2017\/09\/Rey_audiencia_bosques_20170906_01-768x512.jpg 768w, https:\/\/www.fbycc.org\/wp-content\/uploads\/2017\/09\/Rey_audiencia_bosques_20170906_01.jpg 1400w\" sizes=\"auto, (max-width: 604px) 100vw, 604px\" \/><\/p>\n","protected":false},"excerpt":{"rendered":"<p>El Rey Don Felipe VI recibi\u00f3 el pasado d\u00eda 6 de septiembre, a una representaci\u00f3n de Juntos por los Bosques (JXB), colectivo que agrupa a m\u00e1s de 30 entidades representativas del sector<a class=\"moretag\" href=\"https:\/\/www.fbycc.org\/index.php\/2017\/09\/08\/juntos-por-los-bosque-pide-al-rey-su-apoyo\/\">Leer m\u00e1s&#8230;<\/a><\/p>\n","protected":false},"author":2,"featured_media":0,"comment_status":"closed","ping_status":"open","sticky":false,"template":"","format":"standard","meta":{"_monsterinsights_skip_tracking":false,"_monsterinsights_sitenote_active":false,"_monsterinsights_sitenote_note":"","_monsterinsights_sitenote_category":0,"footnotes":""},"categories":[11],"tags":[16,79],"class_list":["post-1349","post","type-post","status-publish","format-standard","hentry","category-noticias","tag-bosques","tag-plan-de-actuacion-del-sector-forestal"],"_links":{"self":[{"href":"https:\/\/www.fbycc.org\/index.php\/wp-json\/wp\/v2\/posts\/1349","targetHints":{"allow":["GET"]}}],"collection":[{"href":"https:\/\/www.fbycc.org\/index.php\/wp-json\/wp\/v2\/posts"}],"about":[{"href":"https:\/\/www.fbycc.org\/index.php\/wp-json\/wp\/v2\/types\/post"}],"author":[{"embeddable":true,"href":"https:\/\/www.fbycc.org\/index.php\/wp-json\/wp\/v2\/users\/2"}],"replies":[{"embeddable":true,"href":"https:\/\/www.fbycc.org\/index.php\/wp-json\/wp\/v2\/comments?post=1349"}],"version-history":[{"count":16,"href":"https:\/\/www.fbycc.org\/index.php\/wp-json\/wp\/v2\/posts\/1349\/revisions"}],"predecessor-version":[{"id":4086,"href":"https:\/\/www.fbycc.org\/index.php\/wp-json\/wp\/v2\/posts\/1349\/revisions\/4086"}],"wp:attachment":[{"href":"https:\/\/www.fbycc.org\/index.php\/wp-json\/wp\/v2\/media?parent=1349"}],"wp:term":[{"taxonomy":"category","embeddable":true,"href":"https:\/\/www.fbycc.org\/index.php\/wp-json\/wp\/v2\/categories?post=1349"},{"taxonomy":"post_tag","embeddable":true,"href":"https:\/\/www.fbycc.org\/index.php\/wp-json\/wp\/v2\/tags?post=1349"}],"curies":[{"name":"wp","href":"https:\/\/api.w.org\/{rel}","templated":true}]}}