{"id":1116,"date":"2017-06-29T10:41:41","date_gmt":"2017-06-29T10:41:41","guid":{"rendered":"http:\/\/www.fbycc.org\/?p=1116"},"modified":"2019-03-12T19:18:40","modified_gmt":"2019-03-12T19:18:40","slug":"garcia-tejerina-presenta-el-plan-de-actuacion-del-sector-forestal-en-el-7o-cfe","status":"publish","type":"post","link":"https:\/\/www.fbycc.org\/index.php\/2017\/06\/29\/garcia-tejerina-presenta-el-plan-de-actuacion-del-sector-forestal-en-el-7o-cfe\/","title":{"rendered":"Garc\u00eda Tejerina presenta el Plan de Actuaci\u00f3n del Sector Forestal en el 7\u00ba CFE"},"content":{"rendered":"<p style=\"text-align: justify;\"><img loading=\"lazy\" decoding=\"async\" class=\"size-full wp-image-1117 alignleft\" src=\"http:\/\/www.fbycc.org\/wp-content\/uploads\/2017\/06\/7CFE.jpg\" alt=\"\" width=\"600\" height=\"337\" srcset=\"https:\/\/www.fbycc.org\/wp-content\/uploads\/2017\/06\/7CFE.jpg 600w, https:\/\/www.fbycc.org\/wp-content\/uploads\/2017\/06\/7CFE-300x169.jpg 300w\" sizes=\"auto, (max-width: 600px) 100vw, 600px\" \/><strong>Isabel Garc\u00eda Tejerina<\/strong> inaugur\u00f3 el pasado lunes, junto con el presidente de la Junta de Extremadura, Guillermo Fern\u00e1ndez-Vara, el <a href=\"http:\/\/7cfe.congresoforestal.es\/\" target=\"_ blank\" data-cke-saved-href=\"http:\/\/7cfe.congresoforestal.es\/\" rel=\"noopener noreferrer\"><strong>7\u00ba Congreso Forestal Espa\u00f1ol<\/strong><\/a>, que se celebra en la localidad cacere\u00f1a de Plasencia, \u00a0bajo el lema <em>\u201cGesti\u00f3n del monte: servicios ambientales y bioeconom\u00eda\u201d<\/em>. Este encuentro se celebra cada cuatro a\u00f1os, y est\u00e1 organizado por la Sociedad Espa\u00f1ola de Ciencias Forestales.<\/p>\n<p>Este congreso, que se constituye como el m\u00e1s importante del sector forestal en Espa\u00f1a, tiene como principal objetivo resaltar <strong><em>la importancia de llevar a cabo una buena gesti\u00f3n de los montes para poder mantener los servicios ambientales<\/em><\/strong>, a la vez que se establecen las bases de una nueva econom\u00eda basada en el uso eficiente de los recursos naturales, entre ellos, productos forestales como madera, le\u00f1a y biomasa, pastos, corcho, resina, frutos, hongos y caza.<\/p>\n<p>La ministra de Agricultura y Pesca, Alimentaci\u00f3n y Medio Ambiente, Isabel Garc\u00eda Tejerina, subray\u00f3 la importancia del sector forestal como <strong><em>motor del desarrollo del medio rural<\/em><\/strong>. Adem\u00e1s\u00a0destac\u00f3\u00a0que la gesti\u00f3n forestal sostenible es la principal herramienta para la prevenci\u00f3n de incendios forestales, sobre todo en un pa\u00eds mediterr\u00e1neo como Espa\u00f1a con casi 28 millones de hect\u00e1reas de monte.<\/p>\n<p>Durante su intervenci\u00f3n en el congreso, Isabel Garc\u00eda Tejerina present\u00f3 el <strong><em>Plan de Actuaci\u00f3n Forestal<\/em><\/strong>, que es el gran proyecto del Gobierno para la puesta en valor de un sector clave para el desarrollo del mundo rural. Seg\u00fan detall\u00f3 la ministra, este Plan tiene como principales objetivos incentivar la gesti\u00f3n forestal a nivel nacional y consolidar una actividad econ\u00f3mica b\u00e1sica en el medio rural.<\/p>\n<p>Asimismo, Garc\u00eda Tejerina indic\u00f3 que el Plan tiene como objetivo transversal, fundamental tambi\u00e9n para el desarrollo del sector forestal, <strong><em>potenciar el efecto sumidero de nuestros montes<\/em><\/strong>, que ya supera el 10% de las emisiones anuales, y lograr una mejor adaptaci\u00f3n de estos ecosistemas a los nuevos escenarios clim\u00e1ticos.<\/p>\n<p>El viernes d\u00eda 30, previamente a la clausura del congreso, la <a href=\"http:\/\/secforestales.org\/\" target=\"_blank\" rel=\"noopener noreferrer\" data-cke-saved-href=\"http:\/\/secforestales.org\/\"><strong>SECF<\/strong> <\/a>y <a href=\"http:\/\/juntosporlosbosques.ingenierosdemontes.org\/es_ES\/\" target=\"_blank\" rel=\"noopener noreferrer\" data-cke-saved-href=\"http:\/\/juntosporlosbosques.ingenierosdemontes.org\/es_ES\/\"><strong>Juntos por los Bosques<\/strong> <\/a>organizar\u00e1n\u00a0una <strong><em>mesa redonda de pol\u00edtica forestal<\/em><\/strong> en la que participar\u00e1n representantes de los principales grupos parlamentarios.<\/p>\n","protected":false},"excerpt":{"rendered":"<p>Isabel Garc\u00eda Tejerina inaugur\u00f3 el pasado lunes, junto con el presidente de la Junta de Extremadura, Guillermo Fern\u00e1ndez-Vara, el 7\u00ba Congreso Forestal Espa\u00f1ol, que se celebra en la localidad cacere\u00f1a de Plasencia,<a class=\"moretag\" href=\"https:\/\/www.fbycc.org\/index.php\/2017\/06\/29\/garcia-tejerina-presenta-el-plan-de-actuacion-del-sector-forestal-en-el-7o-cfe\/\">Leer m\u00e1s&#8230;<\/a><\/p>\n","protected":false},"author":2,"featured_media":0,"comment_status":"closed","ping_status":"open","sticky":false,"template":"","format":"standard","meta":{"_monsterinsights_skip_tracking":false,"_monsterinsights_sitenote_active":false,"_monsterinsights_sitenote_note":"","_monsterinsights_sitenote_category":0,"footnotes":""},"categories":[11],"tags":[16,17,79],"class_list":["post-1116","post","type-post","status-publish","format-standard","hentry","category-noticias","tag-bosques","tag-cambio-climatico","tag-plan-de-actuacion-del-sector-forestal"],"_links":{"self":[{"href":"https:\/\/www.fbycc.org\/index.php\/wp-json\/wp\/v2\/posts\/1116","targetHints":{"allow":["GET"]}}],"collection":[{"href":"https:\/\/www.fbycc.org\/index.php\/wp-json\/wp\/v2\/posts"}],"about":[{"href":"https:\/\/www.fbycc.org\/index.php\/wp-json\/wp\/v2\/types\/post"}],"author":[{"embeddable":true,"href":"https:\/\/www.fbycc.org\/index.php\/wp-json\/wp\/v2\/users\/2"}],"replies":[{"embeddable":true,"href":"https:\/\/www.fbycc.org\/index.php\/wp-json\/wp\/v2\/comments?post=1116"}],"version-history":[{"count":6,"href":"https:\/\/www.fbycc.org\/index.php\/wp-json\/wp\/v2\/posts\/1116\/revisions"}],"predecessor-version":[{"id":1550,"href":"https:\/\/www.fbycc.org\/index.php\/wp-json\/wp\/v2\/posts\/1116\/revisions\/1550"}],"wp:attachment":[{"href":"https:\/\/www.fbycc.org\/index.php\/wp-json\/wp\/v2\/media?parent=1116"}],"wp:term":[{"taxonomy":"category","embeddable":true,"href":"https:\/\/www.fbycc.org\/index.php\/wp-json\/wp\/v2\/categories?post=1116"},{"taxonomy":"post_tag","embeddable":true,"href":"https:\/\/www.fbycc.org\/index.php\/wp-json\/wp\/v2\/tags?post=1116"}],"curies":[{"name":"wp","href":"https:\/\/api.w.org\/{rel}","templated":true}]}}