{"id":1096,"date":"2017-06-26T08:03:08","date_gmt":"2017-06-26T08:03:08","guid":{"rendered":"http:\/\/www.fbycc.org\/?p=1096"},"modified":"2019-03-12T19:18:40","modified_gmt":"2019-03-12T19:18:40","slug":"expobiomasa-2017-afronta-la-recta-final-de-inscripcion-de-expositores","status":"publish","type":"post","link":"https:\/\/www.fbycc.org\/index.php\/2017\/06\/26\/expobiomasa-2017-afronta-la-recta-final-de-inscripcion-de-expositores\/","title":{"rendered":"Expobiomasa 2017 afronta la recta final de inscripci\u00f3n de expositores"},"content":{"rendered":"<div style=\"text-align: justify;\"><strong>A<\/strong><strong>\u00a0tres meses de la inauguraci\u00f3n, <\/strong><a href=\"http:\/\/www.expobiomasa.es\/\"><u><strong>Expobiomasa 201<\/strong><\/u><strong><u>7<\/u><\/strong><\/a>, <strong>ya cuenta con el 93% de la superficie expositiva reservada por empresas procedentes de 30 pa\u00edses. Expobiomasa<\/strong><strong>\u00a02017 superar\u00e1 los 34.000m\u00b2 de superficie expositiva, 8.000 m\u00e1s que la edici\u00f3n de 2015.<br \/>\n<\/strong><br \/>\n<strong><img loading=\"lazy\" decoding=\"async\" class=\"size-full wp-image-1102 alignleft\" src=\"http:\/\/www.fbycc.org\/wp-content\/uploads\/2017\/06\/IMAGEN-ALIADOS_260x130.png\" alt=\"\" width=\"260\" height=\"130\" \/><\/strong>Los profesionales interesados ya pueden acceder a la <a href=\"http:\/\/www.expobiomasa.com\/es\/acreditacion\"><strong>Acreditaci\u00f3n Profesional online<\/strong><\/a><strong><u>,<\/u><\/strong> que ser\u00e1 gratuita hasta el 31 de agosto, a trav\u00e9s de la web de Expobiomasa, para evitar esperas en la entrada al recinto, conseguir un plan de visitas personal adem\u00e1s de descuentos y regalos.Las previsiones de la entidad que organiza el evento, la Asociaci\u00f3n Espa\u00f1ola de Valorizaci\u00f3n Energ\u00e9tica de Biomasa, es que el n\u00famero de profesionales que visitar\u00e1n la feria aumente un 20% con respecto a la edici\u00f3n anterior, y\u00a0 recibir 18.000 profesionales \u00e1vidos de conocer las \u00faltimas novedades y tecnolog\u00edas disponibles en el sector de la biomasa. Valladolid se volver\u00e1 a situar este a\u00f1o durante cuatro d\u00edas, y por primera vez de forma bienal, del 26 al 29 de septiembre de 2017, en el foco de la escena mundial del sector.<\/p>\n<p>Nueve de cada diez profesionales que visita la muestra lo hace para hacer negocios y conocer la oferta disponible, la mayor parte con un elevado perfil t\u00e9cnico y con poder de decisi\u00f3n. Por eso, ya est\u00e1 disponible la relaci\u00f3n de empresas y marcas expositoras en la web, en el <a href=\"http:\/\/www.expobiomasa.com\/es\/listado-de-expositores\"><strong>Listado de Expositores<\/strong><\/a> que se actualizar\u00e1 peri\u00f3dicamente en funci\u00f3n de las nuevas incorporaciones.<\/p>\n<p>Una vez m\u00e1s, Valladolid ofrecer\u00e1 a los profesionales que visiten <u><a href=\"http:\/\/www.expobiomasa.com\/\"><strong>Expobiomasa<\/strong><\/a><\/u> el escenario id\u00f3neo para contactar con empresas proveedoras; encontrar soluciones, novedades y tecnolog\u00eda para su propio negocio o proyecto; conocer toda la oferta y reforzar las relaciones con sus clientes, as\u00ed como participar en un completo programa de actividades que incluye jornadas, presentaciones t\u00e9cnicas, visitas a instalaciones, talleres,\u2026 y el <strong>11 Congreso Internacional de Bioenerg\u00eda.<\/strong><\/p>\n<\/div>\n<p style=\"text-align: justify;\"><span style=\"font-size: 10pt;\"><strong>Presupuesto sin compromiso<br \/>\n<\/strong><\/span><span style=\"font-size: 10pt;\">El pr\u00f3ximo 30 de JUNIO finaliza el plazo ordinario de contrataci\u00f3n de stands y parcelas expositivas, por lo que a\u00fan se est\u00e1 a tiempo de estar presente en la mayor muestra especializada del sector este a\u00f1o. Para resolver cualquier duda o ampliar informaci\u00f3n pueden ponerse en contacto directamente con la organizaci\u00f3n en el 975 10 20 20 o v\u00eda email: <a href=\"mailto:carmen.ruperez@expobiomasa.com\">carmen.ruperez@expobiomasa.com<\/a> y <a href=\"mailto:teresa.leonardo@expobiomasa.com\">teresa.leonardo@expobiomasa.com<\/a><\/span><\/p>\n<p style=\"text-align: right;\"><span style=\"font-size: 10pt;\"><strong><em>Fuente: Expobiomasa<\/em><\/strong><\/span><\/p>\n","protected":false},"excerpt":{"rendered":"<p>A\u00a0tres meses de la inauguraci\u00f3n, Expobiomasa 2017, ya cuenta con el 93% de la superficie expositiva reservada por empresas procedentes de 30 pa\u00edses. Expobiomasa\u00a02017 superar\u00e1 los 34.000m\u00b2 de superficie expositiva, 8.000 m\u00e1s<a class=\"moretag\" href=\"https:\/\/www.fbycc.org\/index.php\/2017\/06\/26\/expobiomasa-2017-afronta-la-recta-final-de-inscripcion-de-expositores\/\">Leer m\u00e1s&#8230;<\/a><\/p>\n","protected":false},"author":2,"featured_media":0,"comment_status":"closed","ping_status":"open","sticky":false,"template":"","format":"standard","meta":{"_monsterinsights_skip_tracking":false,"_monsterinsights_sitenote_active":false,"_monsterinsights_sitenote_note":"","_monsterinsights_sitenote_category":0,"footnotes":""},"categories":[11],"tags":[78],"class_list":["post-1096","post","type-post","status-publish","format-standard","hentry","category-noticias","tag-expobiomasa"],"_links":{"self":[{"href":"https:\/\/www.fbycc.org\/index.php\/wp-json\/wp\/v2\/posts\/1096","targetHints":{"allow":["GET"]}}],"collection":[{"href":"https:\/\/www.fbycc.org\/index.php\/wp-json\/wp\/v2\/posts"}],"about":[{"href":"https:\/\/www.fbycc.org\/index.php\/wp-json\/wp\/v2\/types\/post"}],"author":[{"embeddable":true,"href":"https:\/\/www.fbycc.org\/index.php\/wp-json\/wp\/v2\/users\/2"}],"replies":[{"embeddable":true,"href":"https:\/\/www.fbycc.org\/index.php\/wp-json\/wp\/v2\/comments?post=1096"}],"version-history":[{"count":9,"href":"https:\/\/www.fbycc.org\/index.php\/wp-json\/wp\/v2\/posts\/1096\/revisions"}],"predecessor-version":[{"id":1104,"href":"https:\/\/www.fbycc.org\/index.php\/wp-json\/wp\/v2\/posts\/1096\/revisions\/1104"}],"wp:attachment":[{"href":"https:\/\/www.fbycc.org\/index.php\/wp-json\/wp\/v2\/media?parent=1096"}],"wp:term":[{"taxonomy":"category","embeddable":true,"href":"https:\/\/www.fbycc.org\/index.php\/wp-json\/wp\/v2\/categories?post=1096"},{"taxonomy":"post_tag","embeddable":true,"href":"https:\/\/www.fbycc.org\/index.php\/wp-json\/wp\/v2\/tags?post=1096"}],"curies":[{"name":"wp","href":"https:\/\/api.w.org\/{rel}","templated":true}]}}