{"id":1083,"date":"2017-06-23T09:50:46","date_gmt":"2017-06-23T09:50:46","guid":{"rendered":"http:\/\/www.fbycc.org\/?p=1083"},"modified":"2019-03-12T19:18:40","modified_gmt":"2019-03-12T19:18:40","slug":"consejo-de-ministros-de-medio-ambiente-de-la-union-europea","status":"publish","type":"post","link":"https:\/\/www.fbycc.org\/index.php\/2017\/06\/23\/consejo-de-ministros-de-medio-ambiente-de-la-union-europea\/","title":{"rendered":"Consejo de Ministros de Medio Ambiente de la Uni\u00f3n Europea"},"content":{"rendered":"<p style=\"text-align: justify;\">El pasado 19 de junio el <strong>Consejo de Ministros de Medio Ambiente de la Uni\u00f3n Europea<\/strong> debati\u00f3 en sesi\u00f3n p\u00fablica las \u00faltimas novedades de \u00e1mbito internacional relacionadas con el cambio clim\u00e1tico. Los ministros de Medio Ambiente expresaron sus opiniones sobre la decisi\u00f3n unilateral del Gobierno de los Estados Unidos de retirarse del Acuerdo de Par\u00eds y han acogido con satisfacci\u00f3n un\u00e1nime las Conclusiones adoptadas sobre este asunto en el Consejo de Asuntos Generales celebrado el mismo d\u00eda.<\/p>\n<p style=\"text-align: justify;\"><em><strong>Sectores no incluidos en el RCDE: reparto del esfuerzo y sector UTCUTS<\/strong><\/em><\/p>\n<p style=\"text-align: justify;\">El Consejo mantuvo un debate sobre las dos propuestas legislativas encaminadas a reducir las emisiones en los sectores que no est\u00e1n incluidos en el r\u00e9gimen de comercio de derechos de emisi\u00f3n: el Reglamento de reparto del esfuerzo y el Reglamento sobre el uso de la tierra, el cambio de uso de la tierra y la silvicultura (Reglamento UTCUTS).<\/p>\n<p style=\"text-align: justify;\">Los ministros han hecho balance del progreso alcanzado hasta el momento y han cambiado impresiones sobre las principales cuestiones pendientes de las propuestas, prestando especial atenci\u00f3n a la incorporaci\u00f3n de una nueva reserva de seguridad al Reglamento de reparto del esfuerzo y al establecimiento de niveles de referencia forestales en el Reglamento UTCUTS.<\/p>\n<p style=\"text-align: justify;\">Los sectores no incluidos en el RCDE forman parte de los principales instrumentos de la UE para reducir las emisiones de gases de efecto invernadero y para cumplir los compromisos de la UE asumidos con arreglo al Acuerdo de Par\u00eds.<\/p>\n<div style=\"text-align: center;\" align=\"center\"><strong>Ponemos a tu disposici\u00f3n el v\u00eddeo de la sesi\u00f3n<\/strong><\/div>\n<div align=\"center\"><iframe loading=\"lazy\" style=\"overflow: hidden;\" src=\"http:\/\/europa.eu\/!tb83Wn\" name=\"stst\" width=\"700\" height=\"1000\" frameborder=\"0\" scrolling=\"no\"><\/iframe><\/div>\n","protected":false},"excerpt":{"rendered":"<p>El pasado 19 de junio el Consejo de Ministros de Medio Ambiente de la Uni\u00f3n Europea debati\u00f3 en sesi\u00f3n p\u00fablica las \u00faltimas novedades de \u00e1mbito internacional relacionadas con el cambio clim\u00e1tico. Los<a class=\"moretag\" href=\"https:\/\/www.fbycc.org\/index.php\/2017\/06\/23\/consejo-de-ministros-de-medio-ambiente-de-la-union-europea\/\">Leer m\u00e1s&#8230;<\/a><\/p>\n","protected":false},"author":2,"featured_media":0,"comment_status":"closed","ping_status":"open","sticky":false,"template":"","format":"standard","meta":{"_monsterinsights_skip_tracking":false,"_monsterinsights_sitenote_active":false,"_monsterinsights_sitenote_note":"","_monsterinsights_sitenote_category":0,"footnotes":""},"categories":[11],"tags":[27,41],"class_list":["post-1083","post","type-post","status-publish","format-standard","hentry","category-noticias","tag-lulucf","tag-union-europea"],"_links":{"self":[{"href":"https:\/\/www.fbycc.org\/index.php\/wp-json\/wp\/v2\/posts\/1083","targetHints":{"allow":["GET"]}}],"collection":[{"href":"https:\/\/www.fbycc.org\/index.php\/wp-json\/wp\/v2\/posts"}],"about":[{"href":"https:\/\/www.fbycc.org\/index.php\/wp-json\/wp\/v2\/types\/post"}],"author":[{"embeddable":true,"href":"https:\/\/www.fbycc.org\/index.php\/wp-json\/wp\/v2\/users\/2"}],"replies":[{"embeddable":true,"href":"https:\/\/www.fbycc.org\/index.php\/wp-json\/wp\/v2\/comments?post=1083"}],"version-history":[{"count":7,"href":"https:\/\/www.fbycc.org\/index.php\/wp-json\/wp\/v2\/posts\/1083\/revisions"}],"predecessor-version":[{"id":1090,"href":"https:\/\/www.fbycc.org\/index.php\/wp-json\/wp\/v2\/posts\/1083\/revisions\/1090"}],"wp:attachment":[{"href":"https:\/\/www.fbycc.org\/index.php\/wp-json\/wp\/v2\/media?parent=1083"}],"wp:term":[{"taxonomy":"category","embeddable":true,"href":"https:\/\/www.fbycc.org\/index.php\/wp-json\/wp\/v2\/categories?post=1083"},{"taxonomy":"post_tag","embeddable":true,"href":"https:\/\/www.fbycc.org\/index.php\/wp-json\/wp\/v2\/tags?post=1083"}],"curies":[{"name":"wp","href":"https:\/\/api.w.org\/{rel}","templated":true}]}}