{"id":1048,"date":"2017-05-19T12:13:11","date_gmt":"2017-05-19T12:13:11","guid":{"rendered":"http:\/\/www.fbycc.org\/?p=1048"},"modified":"2019-03-12T19:18:40","modified_gmt":"2019-03-12T19:18:40","slug":"el-fbycc-celebro-la-jornada-bosques-por-el-clima","status":"publish","type":"post","link":"https:\/\/www.fbycc.org\/index.php\/2017\/05\/19\/el-fbycc-celebro-la-jornada-bosques-por-el-clima\/","title":{"rendered":"El FByCC celebr\u00f3 la Jornada \u00abBosques por el Clima\u00bb"},"content":{"rendered":"<p style=\"text-align: center;\"><span style=\"font-size: 20pt;\"><strong>\u00abEl Foro de Bosques y Cambio Clim\u00e1tico destaca la importancia de los bosques<br \/>\npara cumplir los nuevos objetivos clim\u00e1ticos\u00bb<\/strong><\/span><\/p>\n<p style=\"text-align: justify;\">El sector forestal espa\u00f1ol desea que los Bosques sean un instrumento realmente eficaz para mitigar los efectos del cambio clim\u00e1tico, tanto por la absorci\u00f3n de di\u00f3xido de carbono como por la acumulaci\u00f3n del mismo en los productos que genera, y por los importantes servicios ambientales que prestan. El sector considera que esta realidad debe quedar reflejados de manera l\u00f3gica en todas las pol\u00edticas. As\u00ed ha quedado patente en la jornada celebrada el pasado mi\u00e9rcoles en el Instituto de la Ingenier\u00eda de Espa\u00f1a, titulada <strong>\u201cBosques por el Clima\u201d.<\/strong><\/p>\n<p style=\"text-align: justify;\">En la inauguraci\u00f3n del evento <strong>Esperanza Orellana Moraleda<\/strong>, Directora General de Desarrollo Rural y Pol\u00edtica Forestal, destac\u00f3 la importancia que tienen los bosques por su capacidad de absorci\u00f3n independientemente del sistema de contabilidad que se adopte, y se\u00f1al\u00f3 el inter\u00e9s de utilizar los productos forestales como material sustitutivo de los combustibles f\u00f3siles, ya que en su conjunto contribuyen a la descarbonizaci\u00f3n de la econom\u00eda.<\/p>\n<p style=\"text-align: justify;\">En este sentido <strong>Jose Manuel Jaquotot<\/strong>, Subdirector General de Silvicultura y Montes, indic\u00f3 el compromiso del Ministerio de poner en valor los bosques y su capacidad de absorci\u00f3n frente al cambio clim\u00e1tico mediante la creaci\u00f3n de un marco de actuaci\u00f3n y pol\u00edticas al efecto, que permita al sector contribuir eficazmente en un nuevo modelo de desarrollo basado en la bioeconom\u00eda ya que <em>\u201cla bioeconom\u00eda no existir\u00e1 sin los bosques\u201d,<\/em> en la que adem\u00e1s de los productos forestales tambi\u00e9n hay que reconocer la importancia de sus servicios ambientales, <em>\u201csin bosques no hay agua\u201d.<\/em><\/p>\n<p style=\"text-align: justify;\">Clausur\u00f3 la jornada <strong>Eduardo Rojas Briales<\/strong>, Decano del Colegio Oficial de Ingenieros de Montes y Representante de Juntos por los Bosques, llamando a aplicar unos <em>\u201ccriterios lo m\u00e1s l\u00f3gicos posibles, que generen los m\u00ednimos efectos perversos, para que el sector pueda movilizar todo su potencial\u201c<\/em>, y se\u00f1alo su importancia para una sociedad en la que \u201c<em>si no incluimos los bosques de manera activa no conseguiremos superar el reto del cambio clim\u00e1tico\u201d. <\/em>Tambi\u00e9n indic\u00f3 que de cara a poder aplicar los criterios que finalmente se adopten ser\u00e1 necesario disponer de planes de gesti\u00f3n que permitan articular, fomentar y garantizar una gesti\u00f3n adecuada. Finaliz\u00f3 su intervenci\u00f3n animando a que <em>\u201cel sector forestal de un salto, y empiece a promover el uso de la madera de manera integrada en la construcci\u00f3n\u201d.<\/em><\/p>\n<p style=\"text-align: justify;\">Participaron tambi\u00e9n en la jornada <strong>Rafael Calama<\/strong> y <strong>Marta Pardos<\/strong>, investigadores del INIA-CIFOR, que hablaron de la gesti\u00f3n forestal como herramienta de adaptaci\u00f3n y mitigaci\u00f3n al cambio clim\u00e1tico. <strong>Agust\u00edn Rubio <\/strong>y<strong> Carmen Avil\u00e9s<\/strong>, profesores de la Escuela T\u00e9cnica Superior de Ingenier\u00eda de Montes, Forestal y del Medio Natural, que trataron respectivamente la gesti\u00f3n forestal del carbono ed\u00e1fico, y la oportunidad del emprendimiento en el sector que ofrece el proyecto europeo ECOSTAR (<a href=\"http:\/\/fbycc.us13.list-manage.com\/track\/click?u=c719c69a4ff81c7e24fcb5cef&amp;id=dd2c3c3d3d&amp;e=71206086e9\">www.ecostarhub.com<\/a>). <strong>Mart\u00edn Fern\u00e1ndez<\/strong>, coordinador de la unidad inventarios del MAPAMA, que explic\u00f3 el sistema del Inventario Nacional de Emisiones y la contabilidad forestal. Y <strong>Esteban Jord\u00e1n<\/strong>, de la empresa Ingenier\u00eda del Entorno Natural, que habl\u00f3 de las emisiones de carbono asociadas a los grandes incendios, y los sumideros de carbono en el marco del proyecto LIFE FOREST CO2.<\/p>\n<p style=\"text-align: center;\"><img loading=\"lazy\" decoding=\"async\" class=\"size-full wp-image-1049 aligncenter\" src=\"http:\/\/www.fbycc.org\/wp-content\/uploads\/2017\/05\/fotocabecera.jpg\" alt=\"\" width=\"800\" height=\"279\" srcset=\"https:\/\/www.fbycc.org\/wp-content\/uploads\/2017\/05\/fotocabecera.jpg 800w, https:\/\/www.fbycc.org\/wp-content\/uploads\/2017\/05\/fotocabecera-300x105.jpg 300w, https:\/\/www.fbycc.org\/wp-content\/uploads\/2017\/05\/fotocabecera-768x268.jpg 768w\" sizes=\"auto, (max-width: 800px) 100vw, 800px\" \/><span style=\"font-size: 10pt;\">Participantes en el coloquio que tuvo lugar durante la jornada<\/span><\/p>\n","protected":false},"excerpt":{"rendered":"<p>\u00abEl Foro de Bosques y Cambio Clim\u00e1tico destaca la importancia de los bosques para cumplir los nuevos objetivos clim\u00e1ticos\u00bb El sector forestal espa\u00f1ol desea que los Bosques sean un instrumento realmente eficaz<a class=\"moretag\" href=\"https:\/\/www.fbycc.org\/index.php\/2017\/05\/19\/el-fbycc-celebro-la-jornada-bosques-por-el-clima\/\">Leer m\u00e1s&#8230;<\/a><\/p>\n","protected":false},"author":2,"featured_media":0,"comment_status":"closed","ping_status":"open","sticky":false,"template":"","format":"standard","meta":{"_monsterinsights_skip_tracking":false,"_monsterinsights_sitenote_active":false,"_monsterinsights_sitenote_note":"","_monsterinsights_sitenote_category":0,"footnotes":""},"categories":[12],"tags":[69],"class_list":["post-1048","post","type-post","status-publish","format-standard","hentry","category-jornadas","tag-bosques-por-el-clima"],"_links":{"self":[{"href":"https:\/\/www.fbycc.org\/index.php\/wp-json\/wp\/v2\/posts\/1048","targetHints":{"allow":["GET"]}}],"collection":[{"href":"https:\/\/www.fbycc.org\/index.php\/wp-json\/wp\/v2\/posts"}],"about":[{"href":"https:\/\/www.fbycc.org\/index.php\/wp-json\/wp\/v2\/types\/post"}],"author":[{"embeddable":true,"href":"https:\/\/www.fbycc.org\/index.php\/wp-json\/wp\/v2\/users\/2"}],"replies":[{"embeddable":true,"href":"https:\/\/www.fbycc.org\/index.php\/wp-json\/wp\/v2\/comments?post=1048"}],"version-history":[{"count":15,"href":"https:\/\/www.fbycc.org\/index.php\/wp-json\/wp\/v2\/posts\/1048\/revisions"}],"predecessor-version":[{"id":1064,"href":"https:\/\/www.fbycc.org\/index.php\/wp-json\/wp\/v2\/posts\/1048\/revisions\/1064"}],"wp:attachment":[{"href":"https:\/\/www.fbycc.org\/index.php\/wp-json\/wp\/v2\/media?parent=1048"}],"wp:term":[{"taxonomy":"category","embeddable":true,"href":"https:\/\/www.fbycc.org\/index.php\/wp-json\/wp\/v2\/categories?post=1048"},{"taxonomy":"post_tag","embeddable":true,"href":"https:\/\/www.fbycc.org\/index.php\/wp-json\/wp\/v2\/tags?post=1048"}],"curies":[{"name":"wp","href":"https:\/\/api.w.org\/{rel}","templated":true}]}}