{"id":1,"date":"2016-04-15T11:26:39","date_gmt":"2016-04-15T11:26:39","guid":{"rendered":"http:\/\/www.fbycc.org\/?p=1"},"modified":"2019-06-18T12:48:51","modified_gmt":"2019-06-18T12:48:51","slug":"firma-del-acuerdo-de-paris-el-22-de-abril","status":"publish","type":"post","link":"https:\/\/www.fbycc.org\/index.php\/2016\/04\/15\/firma-del-acuerdo-de-paris-el-22-de-abril\/","title":{"rendered":"Ceremonia para la firma del Acuerdo de Par\u00eds en New York"},"content":{"rendered":"<div style=\"text-align: justify;\">M\u00e1s de sesenta gobernantes estar\u00e1n presentes en Nueva York el pr\u00f3ximo 22 de abril para la firma formal del acuerdo sobre el cambio clim\u00e1tico que fue adoptado en diciembre pasado en Par\u00eds, y que se espera sea suscrito por 130 pa\u00edses.<\/p>\n<p>El Acuerdo de Par\u00eds entrar\u00e1 en vigor 30 d\u00edas despu\u00e9s de que al menos 55 pa\u00edses hayan presentado los instrumentos de ratificaci\u00f3n de la Convenci\u00f3n Marco de la ONU sobre el Cambio Clim\u00e1tico, record\u00f3 Naciones Unidas.<\/p>\n<p>Varios pa\u00edses han indicado que depositar\u00e1n los instrumentos de ratificaci\u00f3n inmediatamente despu\u00e9s de la firma de la convenci\u00f3n, el mismo 22 de abril. No obstante\u00a0en muchas naciones se requiere la aprobaci\u00f3n parlamentaria.<\/p><\/div>\n","protected":false},"excerpt":{"rendered":"<p>M\u00e1s de sesenta gobernantes estar\u00e1n presentes en Nueva York el pr\u00f3ximo 22 de abril para la firma formal del acuerdo sobre el cambio clim\u00e1tico que fue adoptado en diciembre pasado en Par\u00eds,<a class=\"moretag\" href=\"https:\/\/www.fbycc.org\/index.php\/2016\/04\/15\/firma-del-acuerdo-de-paris-el-22-de-abril\/\">Leer m\u00e1s&#8230;<\/a><\/p>\n","protected":false},"author":2,"featured_media":0,"comment_status":"closed","ping_status":"closed","sticky":false,"template":"","format":"standard","meta":{"_monsterinsights_skip_tracking":false,"_monsterinsights_sitenote_active":false,"_monsterinsights_sitenote_note":"","_monsterinsights_sitenote_category":0,"footnotes":""},"categories":[11],"tags":[19,17,35],"class_list":["post-1","post","type-post","status-publish","format-standard","hentry","category-noticias","tag-acuerdo-de-paris","tag-cambio-climatico","tag-naciones-unidas"],"_links":{"self":[{"href":"https:\/\/www.fbycc.org\/index.php\/wp-json\/wp\/v2\/posts\/1","targetHints":{"allow":["GET"]}}],"collection":[{"href":"https:\/\/www.fbycc.org\/index.php\/wp-json\/wp\/v2\/posts"}],"about":[{"href":"https:\/\/www.fbycc.org\/index.php\/wp-json\/wp\/v2\/types\/post"}],"author":[{"embeddable":true,"href":"https:\/\/www.fbycc.org\/index.php\/wp-json\/wp\/v2\/users\/2"}],"replies":[{"embeddable":true,"href":"https:\/\/www.fbycc.org\/index.php\/wp-json\/wp\/v2\/comments?post=1"}],"version-history":[{"count":15,"href":"https:\/\/www.fbycc.org\/index.php\/wp-json\/wp\/v2\/posts\/1\/revisions"}],"predecessor-version":[{"id":615,"href":"https:\/\/www.fbycc.org\/index.php\/wp-json\/wp\/v2\/posts\/1\/revisions\/615"}],"wp:attachment":[{"href":"https:\/\/www.fbycc.org\/index.php\/wp-json\/wp\/v2\/media?parent=1"}],"wp:term":[{"taxonomy":"category","embeddable":true,"href":"https:\/\/www.fbycc.org\/index.php\/wp-json\/wp\/v2\/categories?post=1"},{"taxonomy":"post_tag","embeddable":true,"href":"https:\/\/www.fbycc.org\/index.php\/wp-json\/wp\/v2\/tags?post=1"}],"curies":[{"name":"wp","href":"https:\/\/api.w.org\/{rel}","templated":true}]}}